{"id":8533,"date":"2024-02-16T06:45:17","date_gmt":"2024-02-16T05:45:17","guid":{"rendered":"https:\/\/www.radio-geretsried.de\/?p=8533"},"modified":"2024-02-16T06:45:17","modified_gmt":"2024-02-16T05:45:17","slug":"in-eigener-sache-radio-geretsried-stellt-verbreitungsweg-um","status":"publish","type":"post","link":"https:\/\/www.radio-geretsried.de\/index.php\/2024\/02\/16\/in-eigener-sache-radio-geretsried-stellt-verbreitungsweg-um\/","title":{"rendered":"In eigener Sache: Radio Geretsried stellt Verbreitungsweg um"},"content":{"rendered":"<p style=\"box-sizing: border-box; margin-top: 0px; margin-bottom: 1rem; color: #2c363a; font-family: Arial, Helvetica, sans-serif; font-size: 14.6667px;\"><span style=\"box-sizing: border-box; font-weight: bolder;\">Das erfolgreiche Internet-Lokalradio f\u00fcr Geretsried und Umgebung stellt seine Verbreitungstechnik um. Deshalb m\u00fcssen H\u00f6rer an ihrem Radioger\u00e4t einen neuen Suchlauf starten.<\/span><\/p>\n<p style=\"box-sizing: border-box; margin-top: 0px; margin-bottom: 1rem; color: #2c363a; font-family: Arial, Helvetica, sans-serif; font-size: 14.6667px;\">Radio Geretsried verbreitet seit 2016 ein professionelles Radioprogramm im Internet. Seit 2019 hat der Sender das Programm in Eigenregie ausgestrahlt. Daf\u00fcr sind jeden Monat hohe Lizenzgeb\u00fchren f\u00e4llig gewesen. Radio Geretsried hat sich deshalb im Fr\u00fchjahr 2024 dazu entschieden, sein Programm wieder \u00fcber den Anbieter &#8222;laut.fm&#8220; zu verbreiten. F\u00fcr H\u00f6rerinnen und H\u00f6rer \u00e4ndert sich nichts: Das Radioprogramm wird weiterhin 24 Stunden am Tag, sieben Tage die Woche aus Geretsried ausgestrahlt.<\/p>\n<p style=\"box-sizing: border-box; margin-top: 0px; margin-bottom: 1rem; color: #2c363a; font-family: Arial, Helvetica, sans-serif; font-size: 14.6667px;\">Damit aber weiterhin Radio Geretsried geh\u00f6rt werden kann, ist folgendes zu beachten: Bei manchen Internetradios muss der Sender neu gesucht und abgespeichert werden. In manchen F\u00e4llen steht dann &#8222;Radio Geretsried &#8211; laut.fm&#8220; im Display. Diesen Sender neu speichern. Die bisherigen Streaming-Links werden im M\u00e4rz abgeschaltet. Die \u00c4nderungen bei Plattformen wie &#8222;radio.de&#8220; oder &#8222;TuneIn&#8220; wurden durch uns veranlasst, hier bleibt alles gleich &#8211; auch der Namen. Auch der Livestream auf unserer Homepage ist bereits umgestellt.<\/p>\n","protected":false},"excerpt":{"rendered":"<p>Das erfolgreiche Internet-Lokalradio f\u00fcr Geretsried und Umgebung stellt seine Verbreitungstechnik um. Deshalb m\u00fcssen H\u00f6rer an ihrem Radioger\u00e4t einen neuen Suchlauf starten. Radio Geretsried verbreitet seit 2016 ein professionelles Radioprogramm im Internet. Seit 2019 hat der Sender das Programm in Eigenregie ausgestrahlt. Daf\u00fcr sind jeden Monat hohe Lizenzgeb\u00fchren f\u00e4llig gewesen. Radio ...<\/p>\n","protected":false},"author":2,"featured_media":7295,"comment_status":"closed","ping_status":"closed","sticky":false,"template":"","format":"standard","meta":{"_themeisle_gutenberg_block_has_review":false,"footnotes":""},"categories":[60],"tags":[],"class_list":["post-8533","post","type-post","status-publish","format-standard","has-post-thumbnail","hentry","category-radio-geretsried"],"yoast_head":"<!-- This site is optimized with the Yoast SEO plugin v27.4 - https:\/\/yoast.com\/product\/yoast-seo-wordpress\/ -->\n<title>In eigener Sache: Radio Geretsried stellt Verbreitungsweg um - RADIO GERETSRIED<\/title>\n<meta name=\"robots\" content=\"index, follow, max-snippet:-1, max-image-preview:large, max-video-preview:-1\" \/>\n<link rel=\"canonical\" href=\"https:\/\/www.radio-geretsried.de\/index.php\/2024\/02\/16\/in-eigener-sache-radio-geretsried-stellt-verbreitungsweg-um\/\" \/>\n<meta property=\"og:locale\" content=\"de_DE\" \/>\n<meta property=\"og:type\" content=\"article\" \/>\n<meta property=\"og:title\" content=\"In eigener Sache: Radio Geretsried stellt Verbreitungsweg um - RADIO GERETSRIED\" \/>\n<meta property=\"og:description\" content=\"Das erfolgreiche Internet-Lokalradio f\u00fcr Geretsried und Umgebung stellt seine Verbreitungstechnik um. Deshalb m\u00fcssen H\u00f6rer an ihrem Radioger\u00e4t einen neuen Suchlauf starten. Radio Geretsried verbreitet seit 2016 ein professionelles Radioprogramm im Internet. Seit 2019 hat der Sender das Programm in Eigenregie ausgestrahlt. Daf\u00fcr sind jeden Monat hohe Lizenzgeb\u00fchren f\u00e4llig gewesen. Radio [...]\" \/>\n<meta property=\"og:url\" content=\"https:\/\/www.radio-geretsried.de\/index.php\/2024\/02\/16\/in-eigener-sache-radio-geretsried-stellt-verbreitungsweg-um\/\" \/>\n<meta property=\"og:site_name\" content=\"RADIO GERETSRIED\" \/>\n<meta property=\"article:publisher\" content=\"https:\/\/www.facebook.com\/stadtsender\" \/>\n<meta property=\"article:published_time\" content=\"2024-02-16T05:45:17+00:00\" \/>\n<meta property=\"og:image\" content=\"https:\/\/www.radio-geretsried.de\/wp-content\/uploads\/2022\/07\/Webseiten-Banner-Grafik.jpg\" \/>\n\t<meta property=\"og:image:width\" content=\"1700\" \/>\n\t<meta property=\"og:image:height\" content=\"956\" \/>\n\t<meta property=\"og:image:type\" content=\"image\/jpeg\" \/>\n<meta name=\"author\" content=\"Felix\" \/>\n<meta name=\"twitter:card\" content=\"summary_large_image\" \/>\n<meta name=\"twitter:label1\" content=\"Verfasst von\" \/>\n\t<meta name=\"twitter:data1\" content=\"Felix\" \/>\n\t<meta name=\"twitter:label2\" content=\"Gesch\u00e4tzte Lesezeit\" \/>\n\t<meta name=\"twitter:data2\" content=\"2\u00a0Minuten\" \/>\n<script type=\"application\/ld+json\" class=\"yoast-schema-graph\">{\"@context\":\"https:\\\/\\\/schema.org\",\"@graph\":[{\"@type\":\"Article\",\"@id\":\"https:\\\/\\\/www.radio-geretsried.de\\\/index.php\\\/2024\\\/02\\\/16\\\/in-eigener-sache-radio-geretsried-stellt-verbreitungsweg-um\\\/#article\",\"isPartOf\":{\"@id\":\"https:\\\/\\\/www.radio-geretsried.de\\\/index.php\\\/2024\\\/02\\\/16\\\/in-eigener-sache-radio-geretsried-stellt-verbreitungsweg-um\\\/\"},\"author\":{\"name\":\"Felix\",\"@id\":\"https:\\\/\\\/www.radio-geretsried.de\\\/#\\\/schema\\\/person\\\/06836174590ce00025a1da4f10a8033b\"},\"headline\":\"In eigener Sache: Radio Geretsried stellt Verbreitungsweg um\",\"datePublished\":\"2024-02-16T05:45:17+00:00\",\"mainEntityOfPage\":{\"@id\":\"https:\\\/\\\/www.radio-geretsried.de\\\/index.php\\\/2024\\\/02\\\/16\\\/in-eigener-sache-radio-geretsried-stellt-verbreitungsweg-um\\\/\"},\"wordCount\":185,\"publisher\":{\"@id\":\"https:\\\/\\\/www.radio-geretsried.de\\\/#organization\"},\"image\":{\"@id\":\"https:\\\/\\\/www.radio-geretsried.de\\\/index.php\\\/2024\\\/02\\\/16\\\/in-eigener-sache-radio-geretsried-stellt-verbreitungsweg-um\\\/#primaryimage\"},\"thumbnailUrl\":\"https:\\\/\\\/www.radio-geretsried.de\\\/wp-content\\\/uploads\\\/2022\\\/07\\\/Webseiten-Banner-Grafik.jpg\",\"articleSection\":[\"Radio Geretsried\"],\"inLanguage\":\"de\"},{\"@type\":\"WebPage\",\"@id\":\"https:\\\/\\\/www.radio-geretsried.de\\\/index.php\\\/2024\\\/02\\\/16\\\/in-eigener-sache-radio-geretsried-stellt-verbreitungsweg-um\\\/\",\"url\":\"https:\\\/\\\/www.radio-geretsried.de\\\/index.php\\\/2024\\\/02\\\/16\\\/in-eigener-sache-radio-geretsried-stellt-verbreitungsweg-um\\\/\",\"name\":\"In eigener Sache: Radio Geretsried stellt Verbreitungsweg um - RADIO GERETSRIED\",\"isPartOf\":{\"@id\":\"https:\\\/\\\/www.radio-geretsried.de\\\/#website\"},\"primaryImageOfPage\":{\"@id\":\"https:\\\/\\\/www.radio-geretsried.de\\\/index.php\\\/2024\\\/02\\\/16\\\/in-eigener-sache-radio-geretsried-stellt-verbreitungsweg-um\\\/#primaryimage\"},\"image\":{\"@id\":\"https:\\\/\\\/www.radio-geretsried.de\\\/index.php\\\/2024\\\/02\\\/16\\\/in-eigener-sache-radio-geretsried-stellt-verbreitungsweg-um\\\/#primaryimage\"},\"thumbnailUrl\":\"https:\\\/\\\/www.radio-geretsried.de\\\/wp-content\\\/uploads\\\/2022\\\/07\\\/Webseiten-Banner-Grafik.jpg\",\"datePublished\":\"2024-02-16T05:45:17+00:00\",\"breadcrumb\":{\"@id\":\"https:\\\/\\\/www.radio-geretsried.de\\\/index.php\\\/2024\\\/02\\\/16\\\/in-eigener-sache-radio-geretsried-stellt-verbreitungsweg-um\\\/#breadcrumb\"},\"inLanguage\":\"de\",\"potentialAction\":[{\"@type\":\"ReadAction\",\"target\":[\"https:\\\/\\\/www.radio-geretsried.de\\\/index.php\\\/2024\\\/02\\\/16\\\/in-eigener-sache-radio-geretsried-stellt-verbreitungsweg-um\\\/\"]}]},{\"@type\":\"ImageObject\",\"inLanguage\":\"de\",\"@id\":\"https:\\\/\\\/www.radio-geretsried.de\\\/index.php\\\/2024\\\/02\\\/16\\\/in-eigener-sache-radio-geretsried-stellt-verbreitungsweg-um\\\/#primaryimage\",\"url\":\"https:\\\/\\\/www.radio-geretsried.de\\\/wp-content\\\/uploads\\\/2022\\\/07\\\/Webseiten-Banner-Grafik.jpg\",\"contentUrl\":\"https:\\\/\\\/www.radio-geretsried.de\\\/wp-content\\\/uploads\\\/2022\\\/07\\\/Webseiten-Banner-Grafik.jpg\",\"width\":1700,\"height\":956},{\"@type\":\"BreadcrumbList\",\"@id\":\"https:\\\/\\\/www.radio-geretsried.de\\\/index.php\\\/2024\\\/02\\\/16\\\/in-eigener-sache-radio-geretsried-stellt-verbreitungsweg-um\\\/#breadcrumb\",\"itemListElement\":[{\"@type\":\"ListItem\",\"position\":1,\"name\":\"Startseite\",\"item\":\"https:\\\/\\\/www.radio-geretsried.de\\\/\"},{\"@type\":\"ListItem\",\"position\":2,\"name\":\"In eigener Sache: Radio Geretsried stellt Verbreitungsweg um\"}]},{\"@type\":\"WebSite\",\"@id\":\"https:\\\/\\\/www.radio-geretsried.de\\\/#website\",\"url\":\"https:\\\/\\\/www.radio-geretsried.de\\\/\",\"name\":\"RADIO GERETSRIED\",\"description\":\"So klingt die Stadt\",\"publisher\":{\"@id\":\"https:\\\/\\\/www.radio-geretsried.de\\\/#organization\"},\"potentialAction\":[{\"@type\":\"SearchAction\",\"target\":{\"@type\":\"EntryPoint\",\"urlTemplate\":\"https:\\\/\\\/www.radio-geretsried.de\\\/?s={search_term_string}\"},\"query-input\":{\"@type\":\"PropertyValueSpecification\",\"valueRequired\":true,\"valueName\":\"search_term_string\"}}],\"inLanguage\":\"de\"},{\"@type\":\"Organization\",\"@id\":\"https:\\\/\\\/www.radio-geretsried.de\\\/#organization\",\"name\":\"RADIO GERETSRIED\",\"url\":\"https:\\\/\\\/www.radio-geretsried.de\\\/\",\"logo\":{\"@type\":\"ImageObject\",\"inLanguage\":\"de\",\"@id\":\"https:\\\/\\\/www.radio-geretsried.de\\\/#\\\/schema\\\/logo\\\/image\\\/\",\"url\":\"https:\\\/\\\/www.radio-geretsried.de\\\/wp-content\\\/uploads\\\/2022\\\/07\\\/Radio-Geretsried-Logo-Farbig-e1656961244490.png\",\"contentUrl\":\"https:\\\/\\\/www.radio-geretsried.de\\\/wp-content\\\/uploads\\\/2022\\\/07\\\/Radio-Geretsried-Logo-Farbig-e1656961244490.png\",\"width\":4000,\"height\":1780,\"caption\":\"RADIO GERETSRIED\"},\"image\":{\"@id\":\"https:\\\/\\\/www.radio-geretsried.de\\\/#\\\/schema\\\/logo\\\/image\\\/\"},\"sameAs\":[\"https:\\\/\\\/www.facebook.com\\\/stadtsender\",\"https:\\\/\\\/www.instagram.com\\\/radiogeretsried\\\/\"]},{\"@type\":\"Person\",\"@id\":\"https:\\\/\\\/www.radio-geretsried.de\\\/#\\\/schema\\\/person\\\/06836174590ce00025a1da4f10a8033b\",\"name\":\"Felix\",\"image\":{\"@type\":\"ImageObject\",\"inLanguage\":\"de\",\"@id\":\"https:\\\/\\\/secure.gravatar.com\\\/avatar\\\/df1a1aa5e9ceb8e147f1da545064475ef0d4c1e0b6c59f8d23f830d68cf00f4c?s=96&d=mm&r=g\",\"url\":\"https:\\\/\\\/secure.gravatar.com\\\/avatar\\\/df1a1aa5e9ceb8e147f1da545064475ef0d4c1e0b6c59f8d23f830d68cf00f4c?s=96&d=mm&r=g\",\"contentUrl\":\"https:\\\/\\\/secure.gravatar.com\\\/avatar\\\/df1a1aa5e9ceb8e147f1da545064475ef0d4c1e0b6c59f8d23f830d68cf00f4c?s=96&d=mm&r=g\",\"caption\":\"Felix\"},\"url\":\"https:\\\/\\\/www.radio-geretsried.de\\\/index.php\\\/author\\\/felix-leipold\\\/\"}]}<\/script>\n<!-- \/ Yoast SEO plugin. -->","yoast_head_json":{"title":"In eigener Sache: Radio Geretsried stellt Verbreitungsweg um - RADIO GERETSRIED","robots":{"index":"index","follow":"follow","max-snippet":"max-snippet:-1","max-image-preview":"max-image-preview:large","max-video-preview":"max-video-preview:-1"},"canonical":"https:\/\/www.radio-geretsried.de\/index.php\/2024\/02\/16\/in-eigener-sache-radio-geretsried-stellt-verbreitungsweg-um\/","og_locale":"de_DE","og_type":"article","og_title":"In eigener Sache: Radio Geretsried stellt Verbreitungsweg um - RADIO GERETSRIED","og_description":"Das erfolgreiche Internet-Lokalradio f\u00fcr Geretsried und Umgebung stellt seine Verbreitungstechnik um. Deshalb m\u00fcssen H\u00f6rer an ihrem Radioger\u00e4t einen neuen Suchlauf starten. Radio Geretsried verbreitet seit 2016 ein professionelles Radioprogramm im Internet. Seit 2019 hat der Sender das Programm in Eigenregie ausgestrahlt. Daf\u00fcr sind jeden Monat hohe Lizenzgeb\u00fchren f\u00e4llig gewesen. Radio [...]","og_url":"https:\/\/www.radio-geretsried.de\/index.php\/2024\/02\/16\/in-eigener-sache-radio-geretsried-stellt-verbreitungsweg-um\/","og_site_name":"RADIO GERETSRIED","article_publisher":"https:\/\/www.facebook.com\/stadtsender","article_published_time":"2024-02-16T05:45:17+00:00","og_image":[{"width":1700,"height":956,"url":"https:\/\/www.radio-geretsried.de\/wp-content\/uploads\/2022\/07\/Webseiten-Banner-Grafik.jpg","type":"image\/jpeg"}],"author":"Felix","twitter_card":"summary_large_image","twitter_misc":{"Verfasst von":"Felix","Gesch\u00e4tzte Lesezeit":"2\u00a0Minuten"},"schema":{"@context":"https:\/\/schema.org","@graph":[{"@type":"Article","@id":"https:\/\/www.radio-geretsried.de\/index.php\/2024\/02\/16\/in-eigener-sache-radio-geretsried-stellt-verbreitungsweg-um\/#article","isPartOf":{"@id":"https:\/\/www.radio-geretsried.de\/index.php\/2024\/02\/16\/in-eigener-sache-radio-geretsried-stellt-verbreitungsweg-um\/"},"author":{"name":"Felix","@id":"https:\/\/www.radio-geretsried.de\/#\/schema\/person\/06836174590ce00025a1da4f10a8033b"},"headline":"In eigener Sache: Radio Geretsried stellt Verbreitungsweg um","datePublished":"2024-02-16T05:45:17+00:00","mainEntityOfPage":{"@id":"https:\/\/www.radio-geretsried.de\/index.php\/2024\/02\/16\/in-eigener-sache-radio-geretsried-stellt-verbreitungsweg-um\/"},"wordCount":185,"publisher":{"@id":"https:\/\/www.radio-geretsried.de\/#organization"},"image":{"@id":"https:\/\/www.radio-geretsried.de\/index.php\/2024\/02\/16\/in-eigener-sache-radio-geretsried-stellt-verbreitungsweg-um\/#primaryimage"},"thumbnailUrl":"https:\/\/www.radio-geretsried.de\/wp-content\/uploads\/2022\/07\/Webseiten-Banner-Grafik.jpg","articleSection":["Radio Geretsried"],"inLanguage":"de"},{"@type":"WebPage","@id":"https:\/\/www.radio-geretsried.de\/index.php\/2024\/02\/16\/in-eigener-sache-radio-geretsried-stellt-verbreitungsweg-um\/","url":"https:\/\/www.radio-geretsried.de\/index.php\/2024\/02\/16\/in-eigener-sache-radio-geretsried-stellt-verbreitungsweg-um\/","name":"In eigener Sache: Radio Geretsried stellt Verbreitungsweg um - RADIO GERETSRIED","isPartOf":{"@id":"https:\/\/www.radio-geretsried.de\/#website"},"primaryImageOfPage":{"@id":"https:\/\/www.radio-geretsried.de\/index.php\/2024\/02\/16\/in-eigener-sache-radio-geretsried-stellt-verbreitungsweg-um\/#primaryimage"},"image":{"@id":"https:\/\/www.radio-geretsried.de\/index.php\/2024\/02\/16\/in-eigener-sache-radio-geretsried-stellt-verbreitungsweg-um\/#primaryimage"},"thumbnailUrl":"https:\/\/www.radio-geretsried.de\/wp-content\/uploads\/2022\/07\/Webseiten-Banner-Grafik.jpg","datePublished":"2024-02-16T05:45:17+00:00","breadcrumb":{"@id":"https:\/\/www.radio-geretsried.de\/index.php\/2024\/02\/16\/in-eigener-sache-radio-geretsried-stellt-verbreitungsweg-um\/#breadcrumb"},"inLanguage":"de","potentialAction":[{"@type":"ReadAction","target":["https:\/\/www.radio-geretsried.de\/index.php\/2024\/02\/16\/in-eigener-sache-radio-geretsried-stellt-verbreitungsweg-um\/"]}]},{"@type":"ImageObject","inLanguage":"de","@id":"https:\/\/www.radio-geretsried.de\/index.php\/2024\/02\/16\/in-eigener-sache-radio-geretsried-stellt-verbreitungsweg-um\/#primaryimage","url":"https:\/\/www.radio-geretsried.de\/wp-content\/uploads\/2022\/07\/Webseiten-Banner-Grafik.jpg","contentUrl":"https:\/\/www.radio-geretsried.de\/wp-content\/uploads\/2022\/07\/Webseiten-Banner-Grafik.jpg","width":1700,"height":956},{"@type":"BreadcrumbList","@id":"https:\/\/www.radio-geretsried.de\/index.php\/2024\/02\/16\/in-eigener-sache-radio-geretsried-stellt-verbreitungsweg-um\/#breadcrumb","itemListElement":[{"@type":"ListItem","position":1,"name":"Startseite","item":"https:\/\/www.radio-geretsried.de\/"},{"@type":"ListItem","position":2,"name":"In eigener Sache: Radio Geretsried stellt Verbreitungsweg um"}]},{"@type":"WebSite","@id":"https:\/\/www.radio-geretsried.de\/#website","url":"https:\/\/www.radio-geretsried.de\/","name":"RADIO GERETSRIED","description":"So klingt die Stadt","publisher":{"@id":"https:\/\/www.radio-geretsried.de\/#organization"},"potentialAction":[{"@type":"SearchAction","target":{"@type":"EntryPoint","urlTemplate":"https:\/\/www.radio-geretsried.de\/?s={search_term_string}"},"query-input":{"@type":"PropertyValueSpecification","valueRequired":true,"valueName":"search_term_string"}}],"inLanguage":"de"},{"@type":"Organization","@id":"https:\/\/www.radio-geretsried.de\/#organization","name":"RADIO GERETSRIED","url":"https:\/\/www.radio-geretsried.de\/","logo":{"@type":"ImageObject","inLanguage":"de","@id":"https:\/\/www.radio-geretsried.de\/#\/schema\/logo\/image\/","url":"https:\/\/www.radio-geretsried.de\/wp-content\/uploads\/2022\/07\/Radio-Geretsried-Logo-Farbig-e1656961244490.png","contentUrl":"https:\/\/www.radio-geretsried.de\/wp-content\/uploads\/2022\/07\/Radio-Geretsried-Logo-Farbig-e1656961244490.png","width":4000,"height":1780,"caption":"RADIO GERETSRIED"},"image":{"@id":"https:\/\/www.radio-geretsried.de\/#\/schema\/logo\/image\/"},"sameAs":["https:\/\/www.facebook.com\/stadtsender","https:\/\/www.instagram.com\/radiogeretsried\/"]},{"@type":"Person","@id":"https:\/\/www.radio-geretsried.de\/#\/schema\/person\/06836174590ce00025a1da4f10a8033b","name":"Felix","image":{"@type":"ImageObject","inLanguage":"de","@id":"https:\/\/secure.gravatar.com\/avatar\/df1a1aa5e9ceb8e147f1da545064475ef0d4c1e0b6c59f8d23f830d68cf00f4c?s=96&d=mm&r=g","url":"https:\/\/secure.gravatar.com\/avatar\/df1a1aa5e9ceb8e147f1da545064475ef0d4c1e0b6c59f8d23f830d68cf00f4c?s=96&d=mm&r=g","contentUrl":"https:\/\/secure.gravatar.com\/avatar\/df1a1aa5e9ceb8e147f1da545064475ef0d4c1e0b6c59f8d23f830d68cf00f4c?s=96&d=mm&r=g","caption":"Felix"},"url":"https:\/\/www.radio-geretsried.de\/index.php\/author\/felix-leipold\/"}]}},"_links":{"self":[{"href":"https:\/\/www.radio-geretsried.de\/index.php\/wp-json\/wp\/v2\/posts\/8533","targetHints":{"allow":["GET"]}}],"collection":[{"href":"https:\/\/www.radio-geretsried.de\/index.php\/wp-json\/wp\/v2\/posts"}],"about":[{"href":"https:\/\/www.radio-geretsried.de\/index.php\/wp-json\/wp\/v2\/types\/post"}],"author":[{"embeddable":true,"href":"https:\/\/www.radio-geretsried.de\/index.php\/wp-json\/wp\/v2\/users\/2"}],"replies":[{"embeddable":true,"href":"https:\/\/www.radio-geretsried.de\/index.php\/wp-json\/wp\/v2\/comments?post=8533"}],"version-history":[{"count":1,"href":"https:\/\/www.radio-geretsried.de\/index.php\/wp-json\/wp\/v2\/posts\/8533\/revisions"}],"predecessor-version":[{"id":8534,"href":"https:\/\/www.radio-geretsried.de\/index.php\/wp-json\/wp\/v2\/posts\/8533\/revisions\/8534"}],"wp:featuredmedia":[{"embeddable":true,"href":"https:\/\/www.radio-geretsried.de\/index.php\/wp-json\/wp\/v2\/media\/7295"}],"wp:attachment":[{"href":"https:\/\/www.radio-geretsried.de\/index.php\/wp-json\/wp\/v2\/media?parent=8533"}],"wp:term":[{"taxonomy":"category","embeddable":true,"href":"https:\/\/www.radio-geretsried.de\/index.php\/wp-json\/wp\/v2\/categories?post=8533"},{"taxonomy":"post_tag","embeddable":true,"href":"https:\/\/www.radio-geretsried.de\/index.php\/wp-json\/wp\/v2\/tags?post=8533"}],"curies":[{"name":"wp","href":"https:\/\/api.w.org\/{rel}","templated":true}]}}