{"id":8206,"date":"2023-03-27T07:30:19","date_gmt":"2023-03-27T05:30:19","guid":{"rendered":"https:\/\/www.radio-geretsried.de\/?p=8206"},"modified":"2023-03-27T07:33:19","modified_gmt":"2023-03-27T05:33:19","slug":"geretsried-rentner-durchbricht-strassensperre-und-haut-ab","status":"publish","type":"post","link":"https:\/\/www.radio-geretsried.de\/index.php\/2023\/03\/27\/geretsried-rentner-durchbricht-strassensperre-und-haut-ab\/","title":{"rendered":"Geretsried: Rentner durchbricht Stra\u00dfensperre und haut ab"},"content":{"rendered":"<blockquote>\n<p class=\"MsoNormal\">Derzeit ist die Tattenkofener Stra\u00dfe (Staatsstra\u00dfe) zwischen Jeschkenstra\u00dfe und Friedhof gesperrt.<\/p>\n<p class=\"MsoNormal\">Das st\u00f6rte aber einen 82-J\u00e4hrigen nicht: Er \u00fcbersah die Stra\u00dfensperre und fuhr ungebremst in die Baken. Der Mann checkte, ob sein Auto kaputt ist. Daraufhin machte er sich aus dem Staub. Ein Zeuge hatte sich aber das Kennzeichen merken k\u00f6nnen und sagte der Polizei Bescheid.<\/p>\n<p class=\"MsoNormal\">Die Polizei besuchte daraufhin den Fahrer zuhause. <span style=\"mso-spacerun: yes;\">\u00a0<\/span>Der 82-j\u00e4hrige war sich nicht bewusst, dass er seinen Pflichten als Unfallverursacher nachkommen muss und die Polizei informieren m\u00fcsse.<\/p>\n<p class=\"MsoNormal\">Den 82-j\u00e4hrigen Fahrzeugf\u00fchrer erwartet nun ein Strafverfahren wegen Unerlaubten Entfernens vom Unfallort.<\/p>\n<\/blockquote>\n","protected":false},"excerpt":{"rendered":"<p>Derzeit ist die Tattenkofener Stra\u00dfe (Staatsstra\u00dfe) zwischen Jeschkenstra\u00dfe und Friedhof gesperrt. Das st\u00f6rte aber einen 82-J\u00e4hrigen nicht: Er \u00fcbersah die Stra\u00dfensperre und fuhr ungebremst in die Baken. Der Mann checkte, ob sein Auto kaputt ist. Daraufhin machte er sich aus dem Staub. Ein Zeuge hatte sich aber das Kennzeichen merken ...<\/p>\n","protected":false},"author":2,"featured_media":7588,"comment_status":"closed","ping_status":"closed","sticky":false,"template":"","format":"standard","meta":{"_themeisle_gutenberg_block_has_review":false,"footnotes":""},"categories":[59],"tags":[],"class_list":["post-8206","post","type-post","status-publish","format-standard","has-post-thumbnail","hentry","category-nachrichten"],"yoast_head":"<!-- This site is optimized with the Yoast SEO plugin v27.4 - https:\/\/yoast.com\/product\/yoast-seo-wordpress\/ -->\n<title>Geretsried: Rentner durchbricht Stra\u00dfensperre und haut ab - RADIO GERETSRIED<\/title>\n<meta name=\"description\" content=\"Ein Rentner durchbrach am Wochenende die Stra\u00dfensperre auf der Tattenkofener Stra\u00dfe und haute ab. Mehr Infos im Artikel.\" \/>\n<meta name=\"robots\" content=\"index, follow, max-snippet:-1, max-image-preview:large, max-video-preview:-1\" \/>\n<link rel=\"canonical\" href=\"https:\/\/www.radio-geretsried.de\/index.php\/2023\/03\/27\/geretsried-rentner-durchbricht-strassensperre-und-haut-ab\/\" \/>\n<meta property=\"og:locale\" content=\"de_DE\" \/>\n<meta property=\"og:type\" content=\"article\" \/>\n<meta property=\"og:title\" content=\"Geretsried: Rentner durchbricht Stra\u00dfensperre und haut ab - RADIO GERETSRIED\" \/>\n<meta property=\"og:description\" content=\"Ein Rentner durchbrach am Wochenende die Stra\u00dfensperre auf der Tattenkofener Stra\u00dfe und haute ab. Mehr Infos im Artikel.\" \/>\n<meta property=\"og:url\" content=\"https:\/\/www.radio-geretsried.de\/index.php\/2023\/03\/27\/geretsried-rentner-durchbricht-strassensperre-und-haut-ab\/\" \/>\n<meta property=\"og:site_name\" content=\"RADIO GERETSRIED\" \/>\n<meta property=\"article:publisher\" content=\"https:\/\/www.facebook.com\/stadtsender\" \/>\n<meta property=\"article:published_time\" content=\"2023-03-27T05:30:19+00:00\" \/>\n<meta property=\"article:modified_time\" content=\"2023-03-27T05:33:19+00:00\" \/>\n<meta property=\"og:image\" content=\"https:\/\/images.unsplash.com\/photo-1633522333928-1499a9d1d945?ixid=MnwzNDM5ODR8MHwxfGFsbHx8fHx8fHx8fDE2NTcyMjY1Mjc&ixlib=rb-1.2.1&fm=jpg&q=85&fit=crop&w=2560&h=1438\" \/>\n\t<meta property=\"og:image:width\" content=\"2560\" \/>\n\t<meta property=\"og:image:height\" content=\"1438\" \/>\n\t<meta property=\"og:image:type\" content=\"image\/jpeg\" \/>\n<meta name=\"author\" content=\"Felix\" \/>\n<meta name=\"twitter:card\" content=\"summary_large_image\" \/>\n<meta name=\"twitter:label1\" content=\"Verfasst von\" \/>\n\t<meta name=\"twitter:data1\" content=\"Felix\" \/>\n\t<meta name=\"twitter:label2\" content=\"Gesch\u00e4tzte Lesezeit\" \/>\n\t<meta name=\"twitter:data2\" content=\"1\u00a0Minute\" \/>\n<script type=\"application\/ld+json\" class=\"yoast-schema-graph\">{\"@context\":\"https:\\\/\\\/schema.org\",\"@graph\":[{\"@type\":\"Article\",\"@id\":\"https:\\\/\\\/www.radio-geretsried.de\\\/index.php\\\/2023\\\/03\\\/27\\\/geretsried-rentner-durchbricht-strassensperre-und-haut-ab\\\/#article\",\"isPartOf\":{\"@id\":\"https:\\\/\\\/www.radio-geretsried.de\\\/index.php\\\/2023\\\/03\\\/27\\\/geretsried-rentner-durchbricht-strassensperre-und-haut-ab\\\/\"},\"author\":{\"name\":\"Felix\",\"@id\":\"https:\\\/\\\/www.radio-geretsried.de\\\/#\\\/schema\\\/person\\\/06836174590ce00025a1da4f10a8033b\"},\"headline\":\"Geretsried: Rentner durchbricht Stra\u00dfensperre und haut ab\",\"datePublished\":\"2023-03-27T05:30:19+00:00\",\"dateModified\":\"2023-03-27T05:33:19+00:00\",\"mainEntityOfPage\":{\"@id\":\"https:\\\/\\\/www.radio-geretsried.de\\\/index.php\\\/2023\\\/03\\\/27\\\/geretsried-rentner-durchbricht-strassensperre-und-haut-ab\\\/\"},\"wordCount\":113,\"publisher\":{\"@id\":\"https:\\\/\\\/www.radio-geretsried.de\\\/#organization\"},\"image\":{\"@id\":\"https:\\\/\\\/www.radio-geretsried.de\\\/index.php\\\/2023\\\/03\\\/27\\\/geretsried-rentner-durchbricht-strassensperre-und-haut-ab\\\/#primaryimage\"},\"thumbnailUrl\":\"https:\\\/\\\/images.unsplash.com\\\/photo-1633522333928-1499a9d1d945?ixid=MnwzNDM5ODR8MHwxfGFsbHx8fHx8fHx8fDE2NTcyMjY1Mjc&ixlib=rb-1.2.1&fm=jpg&q=85&fit=crop&w=2560&h=1438\",\"articleSection\":[\"Nachrichten\"],\"inLanguage\":\"de\"},{\"@type\":\"WebPage\",\"@id\":\"https:\\\/\\\/www.radio-geretsried.de\\\/index.php\\\/2023\\\/03\\\/27\\\/geretsried-rentner-durchbricht-strassensperre-und-haut-ab\\\/\",\"url\":\"https:\\\/\\\/www.radio-geretsried.de\\\/index.php\\\/2023\\\/03\\\/27\\\/geretsried-rentner-durchbricht-strassensperre-und-haut-ab\\\/\",\"name\":\"Geretsried: Rentner durchbricht Stra\u00dfensperre und haut ab - RADIO GERETSRIED\",\"isPartOf\":{\"@id\":\"https:\\\/\\\/www.radio-geretsried.de\\\/#website\"},\"primaryImageOfPage\":{\"@id\":\"https:\\\/\\\/www.radio-geretsried.de\\\/index.php\\\/2023\\\/03\\\/27\\\/geretsried-rentner-durchbricht-strassensperre-und-haut-ab\\\/#primaryimage\"},\"image\":{\"@id\":\"https:\\\/\\\/www.radio-geretsried.de\\\/index.php\\\/2023\\\/03\\\/27\\\/geretsried-rentner-durchbricht-strassensperre-und-haut-ab\\\/#primaryimage\"},\"thumbnailUrl\":\"https:\\\/\\\/images.unsplash.com\\\/photo-1633522333928-1499a9d1d945?ixid=MnwzNDM5ODR8MHwxfGFsbHx8fHx8fHx8fDE2NTcyMjY1Mjc&ixlib=rb-1.2.1&fm=jpg&q=85&fit=crop&w=2560&h=1438\",\"datePublished\":\"2023-03-27T05:30:19+00:00\",\"dateModified\":\"2023-03-27T05:33:19+00:00\",\"description\":\"Ein Rentner durchbrach am Wochenende die Stra\u00dfensperre auf der Tattenkofener Stra\u00dfe und haute ab. Mehr Infos im Artikel.\",\"breadcrumb\":{\"@id\":\"https:\\\/\\\/www.radio-geretsried.de\\\/index.php\\\/2023\\\/03\\\/27\\\/geretsried-rentner-durchbricht-strassensperre-und-haut-ab\\\/#breadcrumb\"},\"inLanguage\":\"de\",\"potentialAction\":[{\"@type\":\"ReadAction\",\"target\":[\"https:\\\/\\\/www.radio-geretsried.de\\\/index.php\\\/2023\\\/03\\\/27\\\/geretsried-rentner-durchbricht-strassensperre-und-haut-ab\\\/\"]}]},{\"@type\":\"ImageObject\",\"inLanguage\":\"de\",\"@id\":\"https:\\\/\\\/www.radio-geretsried.de\\\/index.php\\\/2023\\\/03\\\/27\\\/geretsried-rentner-durchbricht-strassensperre-und-haut-ab\\\/#primaryimage\",\"url\":\"https:\\\/\\\/images.unsplash.com\\\/photo-1633522333928-1499a9d1d945?ixid=MnwzNDM5ODR8MHwxfGFsbHx8fHx8fHx8fDE2NTcyMjY1Mjc&ixlib=rb-1.2.1&fm=jpg&q=85&fit=crop&w=2560&h=1438\",\"contentUrl\":\"https:\\\/\\\/images.unsplash.com\\\/photo-1633522333928-1499a9d1d945?ixid=MnwzNDM5ODR8MHwxfGFsbHx8fHx8fHx8fDE2NTcyMjY1Mjc&ixlib=rb-1.2.1&fm=jpg&q=85&fit=crop&w=2560&h=1438\",\"width\":2560,\"height\":1438,\"caption\":\"Foto von Jonas Augustin auf Unsplash\"},{\"@type\":\"BreadcrumbList\",\"@id\":\"https:\\\/\\\/www.radio-geretsried.de\\\/index.php\\\/2023\\\/03\\\/27\\\/geretsried-rentner-durchbricht-strassensperre-und-haut-ab\\\/#breadcrumb\",\"itemListElement\":[{\"@type\":\"ListItem\",\"position\":1,\"name\":\"Startseite\",\"item\":\"https:\\\/\\\/www.radio-geretsried.de\\\/\"},{\"@type\":\"ListItem\",\"position\":2,\"name\":\"Geretsried: Rentner durchbricht Stra\u00dfensperre und haut ab\"}]},{\"@type\":\"WebSite\",\"@id\":\"https:\\\/\\\/www.radio-geretsried.de\\\/#website\",\"url\":\"https:\\\/\\\/www.radio-geretsried.de\\\/\",\"name\":\"RADIO GERETSRIED\",\"description\":\"So klingt die Stadt\",\"publisher\":{\"@id\":\"https:\\\/\\\/www.radio-geretsried.de\\\/#organization\"},\"potentialAction\":[{\"@type\":\"SearchAction\",\"target\":{\"@type\":\"EntryPoint\",\"urlTemplate\":\"https:\\\/\\\/www.radio-geretsried.de\\\/?s={search_term_string}\"},\"query-input\":{\"@type\":\"PropertyValueSpecification\",\"valueRequired\":true,\"valueName\":\"search_term_string\"}}],\"inLanguage\":\"de\"},{\"@type\":\"Organization\",\"@id\":\"https:\\\/\\\/www.radio-geretsried.de\\\/#organization\",\"name\":\"RADIO GERETSRIED\",\"url\":\"https:\\\/\\\/www.radio-geretsried.de\\\/\",\"logo\":{\"@type\":\"ImageObject\",\"inLanguage\":\"de\",\"@id\":\"https:\\\/\\\/www.radio-geretsried.de\\\/#\\\/schema\\\/logo\\\/image\\\/\",\"url\":\"https:\\\/\\\/www.radio-geretsried.de\\\/wp-content\\\/uploads\\\/2022\\\/07\\\/Radio-Geretsried-Logo-Farbig-e1656961244490.png\",\"contentUrl\":\"https:\\\/\\\/www.radio-geretsried.de\\\/wp-content\\\/uploads\\\/2022\\\/07\\\/Radio-Geretsried-Logo-Farbig-e1656961244490.png\",\"width\":4000,\"height\":1780,\"caption\":\"RADIO GERETSRIED\"},\"image\":{\"@id\":\"https:\\\/\\\/www.radio-geretsried.de\\\/#\\\/schema\\\/logo\\\/image\\\/\"},\"sameAs\":[\"https:\\\/\\\/www.facebook.com\\\/stadtsender\",\"https:\\\/\\\/www.instagram.com\\\/radiogeretsried\\\/\"]},{\"@type\":\"Person\",\"@id\":\"https:\\\/\\\/www.radio-geretsried.de\\\/#\\\/schema\\\/person\\\/06836174590ce00025a1da4f10a8033b\",\"name\":\"Felix\",\"image\":{\"@type\":\"ImageObject\",\"inLanguage\":\"de\",\"@id\":\"https:\\\/\\\/secure.gravatar.com\\\/avatar\\\/df1a1aa5e9ceb8e147f1da545064475ef0d4c1e0b6c59f8d23f830d68cf00f4c?s=96&d=mm&r=g\",\"url\":\"https:\\\/\\\/secure.gravatar.com\\\/avatar\\\/df1a1aa5e9ceb8e147f1da545064475ef0d4c1e0b6c59f8d23f830d68cf00f4c?s=96&d=mm&r=g\",\"contentUrl\":\"https:\\\/\\\/secure.gravatar.com\\\/avatar\\\/df1a1aa5e9ceb8e147f1da545064475ef0d4c1e0b6c59f8d23f830d68cf00f4c?s=96&d=mm&r=g\",\"caption\":\"Felix\"},\"url\":\"https:\\\/\\\/www.radio-geretsried.de\\\/index.php\\\/author\\\/felix-leipold\\\/\"}]}<\/script>\n<!-- \/ Yoast SEO plugin. -->","yoast_head_json":{"title":"Geretsried: Rentner durchbricht Stra\u00dfensperre und haut ab - RADIO GERETSRIED","description":"Ein Rentner durchbrach am Wochenende die Stra\u00dfensperre auf der Tattenkofener Stra\u00dfe und haute ab. Mehr Infos im Artikel.","robots":{"index":"index","follow":"follow","max-snippet":"max-snippet:-1","max-image-preview":"max-image-preview:large","max-video-preview":"max-video-preview:-1"},"canonical":"https:\/\/www.radio-geretsried.de\/index.php\/2023\/03\/27\/geretsried-rentner-durchbricht-strassensperre-und-haut-ab\/","og_locale":"de_DE","og_type":"article","og_title":"Geretsried: Rentner durchbricht Stra\u00dfensperre und haut ab - RADIO GERETSRIED","og_description":"Ein Rentner durchbrach am Wochenende die Stra\u00dfensperre auf der Tattenkofener Stra\u00dfe und haute ab. Mehr Infos im Artikel.","og_url":"https:\/\/www.radio-geretsried.de\/index.php\/2023\/03\/27\/geretsried-rentner-durchbricht-strassensperre-und-haut-ab\/","og_site_name":"RADIO GERETSRIED","article_publisher":"https:\/\/www.facebook.com\/stadtsender","article_published_time":"2023-03-27T05:30:19+00:00","article_modified_time":"2023-03-27T05:33:19+00:00","og_image":[{"height":1438,"width":2560,"url":"https:\/\/images.unsplash.com\/photo-1633522333928-1499a9d1d945?ixid=MnwzNDM5ODR8MHwxfGFsbHx8fHx8fHx8fDE2NTcyMjY1Mjc&ixlib=rb-1.2.1&fm=jpg&q=85&fit=crop&w=2560&h=1438","type":"image\/jpeg"}],"author":"Felix","twitter_card":"summary_large_image","twitter_misc":{"Verfasst von":"Felix","Gesch\u00e4tzte Lesezeit":"1\u00a0Minute"},"schema":{"@context":"https:\/\/schema.org","@graph":[{"@type":"Article","@id":"https:\/\/www.radio-geretsried.de\/index.php\/2023\/03\/27\/geretsried-rentner-durchbricht-strassensperre-und-haut-ab\/#article","isPartOf":{"@id":"https:\/\/www.radio-geretsried.de\/index.php\/2023\/03\/27\/geretsried-rentner-durchbricht-strassensperre-und-haut-ab\/"},"author":{"name":"Felix","@id":"https:\/\/www.radio-geretsried.de\/#\/schema\/person\/06836174590ce00025a1da4f10a8033b"},"headline":"Geretsried: Rentner durchbricht Stra\u00dfensperre und haut ab","datePublished":"2023-03-27T05:30:19+00:00","dateModified":"2023-03-27T05:33:19+00:00","mainEntityOfPage":{"@id":"https:\/\/www.radio-geretsried.de\/index.php\/2023\/03\/27\/geretsried-rentner-durchbricht-strassensperre-und-haut-ab\/"},"wordCount":113,"publisher":{"@id":"https:\/\/www.radio-geretsried.de\/#organization"},"image":{"@id":"https:\/\/www.radio-geretsried.de\/index.php\/2023\/03\/27\/geretsried-rentner-durchbricht-strassensperre-und-haut-ab\/#primaryimage"},"thumbnailUrl":"https:\/\/images.unsplash.com\/photo-1633522333928-1499a9d1d945?ixid=MnwzNDM5ODR8MHwxfGFsbHx8fHx8fHx8fDE2NTcyMjY1Mjc&ixlib=rb-1.2.1&fm=jpg&q=85&fit=crop&w=2560&h=1438","articleSection":["Nachrichten"],"inLanguage":"de"},{"@type":"WebPage","@id":"https:\/\/www.radio-geretsried.de\/index.php\/2023\/03\/27\/geretsried-rentner-durchbricht-strassensperre-und-haut-ab\/","url":"https:\/\/www.radio-geretsried.de\/index.php\/2023\/03\/27\/geretsried-rentner-durchbricht-strassensperre-und-haut-ab\/","name":"Geretsried: Rentner durchbricht Stra\u00dfensperre und haut ab - RADIO GERETSRIED","isPartOf":{"@id":"https:\/\/www.radio-geretsried.de\/#website"},"primaryImageOfPage":{"@id":"https:\/\/www.radio-geretsried.de\/index.php\/2023\/03\/27\/geretsried-rentner-durchbricht-strassensperre-und-haut-ab\/#primaryimage"},"image":{"@id":"https:\/\/www.radio-geretsried.de\/index.php\/2023\/03\/27\/geretsried-rentner-durchbricht-strassensperre-und-haut-ab\/#primaryimage"},"thumbnailUrl":"https:\/\/images.unsplash.com\/photo-1633522333928-1499a9d1d945?ixid=MnwzNDM5ODR8MHwxfGFsbHx8fHx8fHx8fDE2NTcyMjY1Mjc&ixlib=rb-1.2.1&fm=jpg&q=85&fit=crop&w=2560&h=1438","datePublished":"2023-03-27T05:30:19+00:00","dateModified":"2023-03-27T05:33:19+00:00","description":"Ein Rentner durchbrach am Wochenende die Stra\u00dfensperre auf der Tattenkofener Stra\u00dfe und haute ab. Mehr Infos im Artikel.","breadcrumb":{"@id":"https:\/\/www.radio-geretsried.de\/index.php\/2023\/03\/27\/geretsried-rentner-durchbricht-strassensperre-und-haut-ab\/#breadcrumb"},"inLanguage":"de","potentialAction":[{"@type":"ReadAction","target":["https:\/\/www.radio-geretsried.de\/index.php\/2023\/03\/27\/geretsried-rentner-durchbricht-strassensperre-und-haut-ab\/"]}]},{"@type":"ImageObject","inLanguage":"de","@id":"https:\/\/www.radio-geretsried.de\/index.php\/2023\/03\/27\/geretsried-rentner-durchbricht-strassensperre-und-haut-ab\/#primaryimage","url":"https:\/\/images.unsplash.com\/photo-1633522333928-1499a9d1d945?ixid=MnwzNDM5ODR8MHwxfGFsbHx8fHx8fHx8fDE2NTcyMjY1Mjc&ixlib=rb-1.2.1&fm=jpg&q=85&fit=crop&w=2560&h=1438","contentUrl":"https:\/\/images.unsplash.com\/photo-1633522333928-1499a9d1d945?ixid=MnwzNDM5ODR8MHwxfGFsbHx8fHx8fHx8fDE2NTcyMjY1Mjc&ixlib=rb-1.2.1&fm=jpg&q=85&fit=crop&w=2560&h=1438","width":2560,"height":1438,"caption":"Foto von Jonas Augustin auf Unsplash"},{"@type":"BreadcrumbList","@id":"https:\/\/www.radio-geretsried.de\/index.php\/2023\/03\/27\/geretsried-rentner-durchbricht-strassensperre-und-haut-ab\/#breadcrumb","itemListElement":[{"@type":"ListItem","position":1,"name":"Startseite","item":"https:\/\/www.radio-geretsried.de\/"},{"@type":"ListItem","position":2,"name":"Geretsried: Rentner durchbricht Stra\u00dfensperre und haut ab"}]},{"@type":"WebSite","@id":"https:\/\/www.radio-geretsried.de\/#website","url":"https:\/\/www.radio-geretsried.de\/","name":"RADIO GERETSRIED","description":"So klingt die Stadt","publisher":{"@id":"https:\/\/www.radio-geretsried.de\/#organization"},"potentialAction":[{"@type":"SearchAction","target":{"@type":"EntryPoint","urlTemplate":"https:\/\/www.radio-geretsried.de\/?s={search_term_string}"},"query-input":{"@type":"PropertyValueSpecification","valueRequired":true,"valueName":"search_term_string"}}],"inLanguage":"de"},{"@type":"Organization","@id":"https:\/\/www.radio-geretsried.de\/#organization","name":"RADIO GERETSRIED","url":"https:\/\/www.radio-geretsried.de\/","logo":{"@type":"ImageObject","inLanguage":"de","@id":"https:\/\/www.radio-geretsried.de\/#\/schema\/logo\/image\/","url":"https:\/\/www.radio-geretsried.de\/wp-content\/uploads\/2022\/07\/Radio-Geretsried-Logo-Farbig-e1656961244490.png","contentUrl":"https:\/\/www.radio-geretsried.de\/wp-content\/uploads\/2022\/07\/Radio-Geretsried-Logo-Farbig-e1656961244490.png","width":4000,"height":1780,"caption":"RADIO GERETSRIED"},"image":{"@id":"https:\/\/www.radio-geretsried.de\/#\/schema\/logo\/image\/"},"sameAs":["https:\/\/www.facebook.com\/stadtsender","https:\/\/www.instagram.com\/radiogeretsried\/"]},{"@type":"Person","@id":"https:\/\/www.radio-geretsried.de\/#\/schema\/person\/06836174590ce00025a1da4f10a8033b","name":"Felix","image":{"@type":"ImageObject","inLanguage":"de","@id":"https:\/\/secure.gravatar.com\/avatar\/df1a1aa5e9ceb8e147f1da545064475ef0d4c1e0b6c59f8d23f830d68cf00f4c?s=96&d=mm&r=g","url":"https:\/\/secure.gravatar.com\/avatar\/df1a1aa5e9ceb8e147f1da545064475ef0d4c1e0b6c59f8d23f830d68cf00f4c?s=96&d=mm&r=g","contentUrl":"https:\/\/secure.gravatar.com\/avatar\/df1a1aa5e9ceb8e147f1da545064475ef0d4c1e0b6c59f8d23f830d68cf00f4c?s=96&d=mm&r=g","caption":"Felix"},"url":"https:\/\/www.radio-geretsried.de\/index.php\/author\/felix-leipold\/"}]}},"_links":{"self":[{"href":"https:\/\/www.radio-geretsried.de\/index.php\/wp-json\/wp\/v2\/posts\/8206","targetHints":{"allow":["GET"]}}],"collection":[{"href":"https:\/\/www.radio-geretsried.de\/index.php\/wp-json\/wp\/v2\/posts"}],"about":[{"href":"https:\/\/www.radio-geretsried.de\/index.php\/wp-json\/wp\/v2\/types\/post"}],"author":[{"embeddable":true,"href":"https:\/\/www.radio-geretsried.de\/index.php\/wp-json\/wp\/v2\/users\/2"}],"replies":[{"embeddable":true,"href":"https:\/\/www.radio-geretsried.de\/index.php\/wp-json\/wp\/v2\/comments?post=8206"}],"version-history":[{"count":1,"href":"https:\/\/www.radio-geretsried.de\/index.php\/wp-json\/wp\/v2\/posts\/8206\/revisions"}],"predecessor-version":[{"id":8207,"href":"https:\/\/www.radio-geretsried.de\/index.php\/wp-json\/wp\/v2\/posts\/8206\/revisions\/8207"}],"wp:featuredmedia":[{"embeddable":true,"href":"https:\/\/www.radio-geretsried.de\/index.php\/wp-json\/wp\/v2\/media\/7588"}],"wp:attachment":[{"href":"https:\/\/www.radio-geretsried.de\/index.php\/wp-json\/wp\/v2\/media?parent=8206"}],"wp:term":[{"taxonomy":"category","embeddable":true,"href":"https:\/\/www.radio-geretsried.de\/index.php\/wp-json\/wp\/v2\/categories?post=8206"},{"taxonomy":"post_tag","embeddable":true,"href":"https:\/\/www.radio-geretsried.de\/index.php\/wp-json\/wp\/v2\/tags?post=8206"}],"curies":[{"name":"wp","href":"https:\/\/api.w.org\/{rel}","templated":true}]}}