{"id":8032,"date":"2023-02-07T12:31:07","date_gmt":"2023-02-07T11:31:07","guid":{"rendered":"https:\/\/www.radio-geretsried.de\/?p=8032"},"modified":"2023-02-09T18:30:03","modified_gmt":"2023-02-09T17:30:03","slug":"liveblog-erdbeben-in-der-tuerkei-syrien","status":"publish","type":"post","link":"https:\/\/www.radio-geretsried.de\/index.php\/2023\/02\/07\/liveblog-erdbeben-in-der-tuerkei-syrien\/","title":{"rendered":"LIVEBLOG: Erdbeben in der T\u00fcrkei &#038; Syrien"},"content":{"rendered":"<p>Unser Update f\u00fcr das Erdbeben in der T\u00fcrkei und Syrien!<\/p>\n<div id=\"elb-liveblog\" class=\"elb-liveblog elb-theme-light\" data-append-timestamp=\"\" data-status=\"open\" data-highlighted-entry=\"\" data-show-entries=\"10\" data-endpoint=\"https:\/\/www.radio-geretsried.de\/index.php\/wp-json\/easy-liveblogs\/v1\/liveblog\/8032\"><div class=\"elb-liveblog-closed-message\" style=\"display: none;\">Der Liveblog wurde beendet.<\/div><button id=\"elb-show-new-posts\" class=\"elb-button button\" style=\"display: none;\"><\/button><div class=\"elb-no-liveblog-entries-message\" style=\"display: none;\">Noch keine Liveblog-Aktualisierungen.<\/div><ul class=\"elb-liveblog-list\"><\/ul><div class=\"elb-loader\"><!-- By Sam Herbert (@sherb) -->\n\t\t\t<svg width=\"45\" height=\"45\" viewBox=\"0 0 45 45\" xmlns=\"http:\/\/www.w3.org\/2000\/svg\" stroke=\"currentColor\">\n\t\t\t\t<g fill=\"none\" fill-rule=\"evenodd\" transform=\"translate(1 1)\" stroke-width=\"2\">\n\t\t\t\t\t<circle cx=\"22\" cy=\"22\" r=\"6\" stroke-opacity=\"0\">\n\t\t\t\t\t\t<animate attributeName=\"r\"\n\t\t\t\t\t\t\t begin=\"1.5s\" dur=\"3s\"\n\t\t\t\t\t\t\t values=\"6;22\"\n\t\t\t\t\t\t\t calcMode=\"linear\"\n\t\t\t\t\t\t\t repeatCount=\"indefinite\" \/>\n\t\t\t\t\t\t<animate attributeName=\"stroke-opacity\"\n\t\t\t\t\t\t\t begin=\"1.5s\" dur=\"3s\"\n\t\t\t\t\t\t\t values=\"1;0\" calcMode=\"linear\"\n\t\t\t\t\t\t\t repeatCount=\"indefinite\" \/>\n\t\t\t\t\t\t<animate attributeName=\"stroke-width\"\n\t\t\t\t\t\t\t begin=\"1.5s\" dur=\"3s\"\n\t\t\t\t\t\t\t values=\"2;0\" calcMode=\"linear\"\n\t\t\t\t\t\t\t repeatCount=\"indefinite\" \/>\n\t\t\t\t\t<\/circle>\n\t\t\t\t\t<circle cx=\"22\" cy=\"22\" r=\"6\" stroke-opacity=\"0\">\n\t\t\t\t\t\t<animate attributeName=\"r\"\n\t\t\t\t\t\t\t begin=\"3s\" dur=\"3s\"\n\t\t\t\t\t\t\t values=\"6;22\"\n\t\t\t\t\t\t\t calcMode=\"linear\"\n\t\t\t\t\t\t\t repeatCount=\"indefinite\" \/>\n\t\t\t\t\t\t<animate attributeName=\"stroke-opacity\"\n\t\t\t\t\t\t\t begin=\"3s\" dur=\"3s\"\n\t\t\t\t\t\t\t values=\"1;0\" calcMode=\"linear\"\n\t\t\t\t\t\t\t repeatCount=\"indefinite\" \/>\n\t\t\t\t\t\t<animate attributeName=\"stroke-width\"\n\t\t\t\t\t\t\t begin=\"3s\" dur=\"3s\"\n\t\t\t\t\t\t\t values=\"2;0\" calcMode=\"linear\"\n\t\t\t\t\t\t\t repeatCount=\"indefinite\" \/>\n\t\t\t\t\t<\/circle>\n\t\t\t\t\t<circle cx=\"22\" cy=\"22\" r=\"8\">\n\t\t\t\t\t\t<animate attributeName=\"r\"\n\t\t\t\t\t\t\t begin=\"0s\" dur=\"1.5s\"\n\t\t\t\t\t\t\t values=\"6;1;2;3;4;5;6\"\n\t\t\t\t\t\t\t calcMode=\"linear\"\n\t\t\t\t\t\t\t repeatCount=\"indefinite\" \/>\n\t\t\t\t\t<\/circle>\n\t\t\t\t<\/g>\n\t\t\t<\/svg><\/div><button id=\"elb-load-more\" style=\"display: none;\" class=\"elb-button button\">Mehr laden<\/button><\/div>","protected":false},"excerpt":{"rendered":"<p>Unser Update f\u00fcr das Erdbeben in der T\u00fcrkei und Syrien! Der Liveblog wurde beendet.Noch keine Liveblog-Aktualisierungen. Mehr laden<\/p>\n","protected":false},"author":9,"featured_media":8035,"comment_status":"closed","ping_status":"closed","sticky":false,"template":"","format":"standard","meta":{"_themeisle_gutenberg_block_has_review":false,"footnotes":""},"categories":[59],"tags":[],"class_list":["post-8032","post","type-post","status-publish","format-standard","has-post-thumbnail","hentry","category-nachrichten"],"yoast_head":"<!-- This site is optimized with the Yoast SEO plugin v27.4 - https:\/\/yoast.com\/product\/yoast-seo-wordpress\/ -->\n<title>LIVEBLOG: Erdbeben in der T\u00fcrkei &amp; Syrien - RADIO GERETSRIED<\/title>\n<meta name=\"robots\" content=\"index, follow, max-snippet:-1, max-image-preview:large, max-video-preview:-1\" \/>\n<link rel=\"canonical\" href=\"https:\/\/www.radio-geretsried.de\/index.php\/2023\/02\/07\/liveblog-erdbeben-in-der-tuerkei-syrien\/\" \/>\n<meta property=\"og:locale\" content=\"de_DE\" \/>\n<meta property=\"og:type\" content=\"article\" \/>\n<meta property=\"og:title\" content=\"LIVEBLOG: Erdbeben in der T\u00fcrkei &amp; Syrien - RADIO GERETSRIED\" \/>\n<meta property=\"og:description\" content=\"Unser Update f\u00fcr das Erdbeben in der T\u00fcrkei und Syrien! Der Liveblog wurde beendet.Noch keine Liveblog-Aktualisierungen. Mehr laden\" \/>\n<meta property=\"og:url\" content=\"https:\/\/www.radio-geretsried.de\/index.php\/2023\/02\/07\/liveblog-erdbeben-in-der-tuerkei-syrien\/\" \/>\n<meta property=\"og:site_name\" content=\"RADIO GERETSRIED\" \/>\n<meta property=\"article:publisher\" content=\"https:\/\/www.facebook.com\/stadtsender\" \/>\n<meta property=\"article:published_time\" content=\"2023-02-07T11:31:07+00:00\" \/>\n<meta property=\"article:modified_time\" content=\"2023-02-09T17:30:03+00:00\" \/>\n<meta property=\"og:image\" content=\"https:\/\/www.radio-geretsried.de\/wp-content\/uploads\/2023\/02\/erdbebenliveblog.jpg\" \/>\n\t<meta property=\"og:image:width\" content=\"1024\" \/>\n\t<meta property=\"og:image:height\" content=\"460\" \/>\n\t<meta property=\"og:image:type\" content=\"image\/jpeg\" \/>\n<meta name=\"author\" content=\"Patrick Hofmann\" \/>\n<meta name=\"twitter:card\" content=\"summary_large_image\" \/>\n<meta name=\"twitter:label1\" content=\"Verfasst von\" \/>\n\t<meta name=\"twitter:data1\" content=\"Patrick Hofmann\" \/>\n<script type=\"application\/ld+json\" class=\"yoast-schema-graph\">{\"@context\":\"https:\\\/\\\/schema.org\",\"@graph\":[{\"@type\":\"Article\",\"@id\":\"https:\\\/\\\/www.radio-geretsried.de\\\/index.php\\\/2023\\\/02\\\/07\\\/liveblog-erdbeben-in-der-tuerkei-syrien\\\/#article\",\"isPartOf\":{\"@id\":\"https:\\\/\\\/www.radio-geretsried.de\\\/index.php\\\/2023\\\/02\\\/07\\\/liveblog-erdbeben-in-der-tuerkei-syrien\\\/\"},\"author\":{\"name\":\"Patrick Hofmann\",\"@id\":\"https:\\\/\\\/www.radio-geretsried.de\\\/#\\\/schema\\\/person\\\/cbf7badca30480678705d248eacef014\"},\"headline\":\"LIVEBLOG: Erdbeben in der T\u00fcrkei &#038; Syrien\",\"datePublished\":\"2023-02-07T11:31:07+00:00\",\"dateModified\":\"2023-02-09T17:30:03+00:00\",\"mainEntityOfPage\":{\"@id\":\"https:\\\/\\\/www.radio-geretsried.de\\\/index.php\\\/2023\\\/02\\\/07\\\/liveblog-erdbeben-in-der-tuerkei-syrien\\\/\"},\"wordCount\":19,\"publisher\":{\"@id\":\"https:\\\/\\\/www.radio-geretsried.de\\\/#organization\"},\"image\":{\"@id\":\"https:\\\/\\\/www.radio-geretsried.de\\\/index.php\\\/2023\\\/02\\\/07\\\/liveblog-erdbeben-in-der-tuerkei-syrien\\\/#primaryimage\"},\"thumbnailUrl\":\"https:\\\/\\\/www.radio-geretsried.de\\\/wp-content\\\/uploads\\\/2023\\\/02\\\/erdbebenliveblog.jpg\",\"articleSection\":[\"Nachrichten\"],\"inLanguage\":\"de\"},{\"@type\":\"WebPage\",\"@id\":\"https:\\\/\\\/www.radio-geretsried.de\\\/index.php\\\/2023\\\/02\\\/07\\\/liveblog-erdbeben-in-der-tuerkei-syrien\\\/\",\"url\":\"https:\\\/\\\/www.radio-geretsried.de\\\/index.php\\\/2023\\\/02\\\/07\\\/liveblog-erdbeben-in-der-tuerkei-syrien\\\/\",\"name\":\"LIVEBLOG: Erdbeben in der T\u00fcrkei & Syrien - RADIO GERETSRIED\",\"isPartOf\":{\"@id\":\"https:\\\/\\\/www.radio-geretsried.de\\\/#website\"},\"primaryImageOfPage\":{\"@id\":\"https:\\\/\\\/www.radio-geretsried.de\\\/index.php\\\/2023\\\/02\\\/07\\\/liveblog-erdbeben-in-der-tuerkei-syrien\\\/#primaryimage\"},\"image\":{\"@id\":\"https:\\\/\\\/www.radio-geretsried.de\\\/index.php\\\/2023\\\/02\\\/07\\\/liveblog-erdbeben-in-der-tuerkei-syrien\\\/#primaryimage\"},\"thumbnailUrl\":\"https:\\\/\\\/www.radio-geretsried.de\\\/wp-content\\\/uploads\\\/2023\\\/02\\\/erdbebenliveblog.jpg\",\"datePublished\":\"2023-02-07T11:31:07+00:00\",\"dateModified\":\"2023-02-09T17:30:03+00:00\",\"breadcrumb\":{\"@id\":\"https:\\\/\\\/www.radio-geretsried.de\\\/index.php\\\/2023\\\/02\\\/07\\\/liveblog-erdbeben-in-der-tuerkei-syrien\\\/#breadcrumb\"},\"inLanguage\":\"de\",\"potentialAction\":[{\"@type\":\"ReadAction\",\"target\":[\"https:\\\/\\\/www.radio-geretsried.de\\\/index.php\\\/2023\\\/02\\\/07\\\/liveblog-erdbeben-in-der-tuerkei-syrien\\\/\"]}]},{\"@type\":\"ImageObject\",\"inLanguage\":\"de\",\"@id\":\"https:\\\/\\\/www.radio-geretsried.de\\\/index.php\\\/2023\\\/02\\\/07\\\/liveblog-erdbeben-in-der-tuerkei-syrien\\\/#primaryimage\",\"url\":\"https:\\\/\\\/www.radio-geretsried.de\\\/wp-content\\\/uploads\\\/2023\\\/02\\\/erdbebenliveblog.jpg\",\"contentUrl\":\"https:\\\/\\\/www.radio-geretsried.de\\\/wp-content\\\/uploads\\\/2023\\\/02\\\/erdbebenliveblog.jpg\",\"width\":1024,\"height\":460},{\"@type\":\"BreadcrumbList\",\"@id\":\"https:\\\/\\\/www.radio-geretsried.de\\\/index.php\\\/2023\\\/02\\\/07\\\/liveblog-erdbeben-in-der-tuerkei-syrien\\\/#breadcrumb\",\"itemListElement\":[{\"@type\":\"ListItem\",\"position\":1,\"name\":\"Startseite\",\"item\":\"https:\\\/\\\/www.radio-geretsried.de\\\/\"},{\"@type\":\"ListItem\",\"position\":2,\"name\":\"LIVEBLOG: Erdbeben in der T\u00fcrkei &#038; Syrien\"}]},{\"@type\":\"WebSite\",\"@id\":\"https:\\\/\\\/www.radio-geretsried.de\\\/#website\",\"url\":\"https:\\\/\\\/www.radio-geretsried.de\\\/\",\"name\":\"RADIO GERETSRIED\",\"description\":\"So klingt die Stadt\",\"publisher\":{\"@id\":\"https:\\\/\\\/www.radio-geretsried.de\\\/#organization\"},\"potentialAction\":[{\"@type\":\"SearchAction\",\"target\":{\"@type\":\"EntryPoint\",\"urlTemplate\":\"https:\\\/\\\/www.radio-geretsried.de\\\/?s={search_term_string}\"},\"query-input\":{\"@type\":\"PropertyValueSpecification\",\"valueRequired\":true,\"valueName\":\"search_term_string\"}}],\"inLanguage\":\"de\"},{\"@type\":\"Organization\",\"@id\":\"https:\\\/\\\/www.radio-geretsried.de\\\/#organization\",\"name\":\"RADIO GERETSRIED\",\"url\":\"https:\\\/\\\/www.radio-geretsried.de\\\/\",\"logo\":{\"@type\":\"ImageObject\",\"inLanguage\":\"de\",\"@id\":\"https:\\\/\\\/www.radio-geretsried.de\\\/#\\\/schema\\\/logo\\\/image\\\/\",\"url\":\"https:\\\/\\\/www.radio-geretsried.de\\\/wp-content\\\/uploads\\\/2022\\\/07\\\/Radio-Geretsried-Logo-Farbig-e1656961244490.png\",\"contentUrl\":\"https:\\\/\\\/www.radio-geretsried.de\\\/wp-content\\\/uploads\\\/2022\\\/07\\\/Radio-Geretsried-Logo-Farbig-e1656961244490.png\",\"width\":4000,\"height\":1780,\"caption\":\"RADIO GERETSRIED\"},\"image\":{\"@id\":\"https:\\\/\\\/www.radio-geretsried.de\\\/#\\\/schema\\\/logo\\\/image\\\/\"},\"sameAs\":[\"https:\\\/\\\/www.facebook.com\\\/stadtsender\",\"https:\\\/\\\/www.instagram.com\\\/radiogeretsried\\\/\"]},{\"@type\":\"Person\",\"@id\":\"https:\\\/\\\/www.radio-geretsried.de\\\/#\\\/schema\\\/person\\\/cbf7badca30480678705d248eacef014\",\"name\":\"Patrick Hofmann\",\"image\":{\"@type\":\"ImageObject\",\"inLanguage\":\"de\",\"@id\":\"https:\\\/\\\/secure.gravatar.com\\\/avatar\\\/6194986f15562cbc57fa5ea59828e6c5db464fba58cd40fa6d5f1117576868b6?s=96&d=mm&r=g\",\"url\":\"https:\\\/\\\/secure.gravatar.com\\\/avatar\\\/6194986f15562cbc57fa5ea59828e6c5db464fba58cd40fa6d5f1117576868b6?s=96&d=mm&r=g\",\"contentUrl\":\"https:\\\/\\\/secure.gravatar.com\\\/avatar\\\/6194986f15562cbc57fa5ea59828e6c5db464fba58cd40fa6d5f1117576868b6?s=96&d=mm&r=g\",\"caption\":\"Patrick Hofmann\"},\"url\":\"https:\\\/\\\/www.radio-geretsried.de\\\/index.php\\\/author\\\/patrick-hofmann\\\/\"}]}<\/script>\n<!-- \/ Yoast SEO plugin. -->","yoast_head_json":{"title":"LIVEBLOG: Erdbeben in der T\u00fcrkei & Syrien - RADIO GERETSRIED","robots":{"index":"index","follow":"follow","max-snippet":"max-snippet:-1","max-image-preview":"max-image-preview:large","max-video-preview":"max-video-preview:-1"},"canonical":"https:\/\/www.radio-geretsried.de\/index.php\/2023\/02\/07\/liveblog-erdbeben-in-der-tuerkei-syrien\/","og_locale":"de_DE","og_type":"article","og_title":"LIVEBLOG: Erdbeben in der T\u00fcrkei & Syrien - RADIO GERETSRIED","og_description":"Unser Update f\u00fcr das Erdbeben in der T\u00fcrkei und Syrien! Der Liveblog wurde beendet.Noch keine Liveblog-Aktualisierungen. Mehr laden","og_url":"https:\/\/www.radio-geretsried.de\/index.php\/2023\/02\/07\/liveblog-erdbeben-in-der-tuerkei-syrien\/","og_site_name":"RADIO GERETSRIED","article_publisher":"https:\/\/www.facebook.com\/stadtsender","article_published_time":"2023-02-07T11:31:07+00:00","article_modified_time":"2023-02-09T17:30:03+00:00","og_image":[{"width":1024,"height":460,"url":"https:\/\/www.radio-geretsried.de\/wp-content\/uploads\/2023\/02\/erdbebenliveblog.jpg","type":"image\/jpeg"}],"author":"Patrick Hofmann","twitter_card":"summary_large_image","twitter_misc":{"Verfasst von":"Patrick Hofmann"},"schema":{"@context":"https:\/\/schema.org","@graph":[{"@type":"Article","@id":"https:\/\/www.radio-geretsried.de\/index.php\/2023\/02\/07\/liveblog-erdbeben-in-der-tuerkei-syrien\/#article","isPartOf":{"@id":"https:\/\/www.radio-geretsried.de\/index.php\/2023\/02\/07\/liveblog-erdbeben-in-der-tuerkei-syrien\/"},"author":{"name":"Patrick Hofmann","@id":"https:\/\/www.radio-geretsried.de\/#\/schema\/person\/cbf7badca30480678705d248eacef014"},"headline":"LIVEBLOG: Erdbeben in der T\u00fcrkei &#038; Syrien","datePublished":"2023-02-07T11:31:07+00:00","dateModified":"2023-02-09T17:30:03+00:00","mainEntityOfPage":{"@id":"https:\/\/www.radio-geretsried.de\/index.php\/2023\/02\/07\/liveblog-erdbeben-in-der-tuerkei-syrien\/"},"wordCount":19,"publisher":{"@id":"https:\/\/www.radio-geretsried.de\/#organization"},"image":{"@id":"https:\/\/www.radio-geretsried.de\/index.php\/2023\/02\/07\/liveblog-erdbeben-in-der-tuerkei-syrien\/#primaryimage"},"thumbnailUrl":"https:\/\/www.radio-geretsried.de\/wp-content\/uploads\/2023\/02\/erdbebenliveblog.jpg","articleSection":["Nachrichten"],"inLanguage":"de"},{"@type":"WebPage","@id":"https:\/\/www.radio-geretsried.de\/index.php\/2023\/02\/07\/liveblog-erdbeben-in-der-tuerkei-syrien\/","url":"https:\/\/www.radio-geretsried.de\/index.php\/2023\/02\/07\/liveblog-erdbeben-in-der-tuerkei-syrien\/","name":"LIVEBLOG: Erdbeben in der T\u00fcrkei & Syrien - RADIO GERETSRIED","isPartOf":{"@id":"https:\/\/www.radio-geretsried.de\/#website"},"primaryImageOfPage":{"@id":"https:\/\/www.radio-geretsried.de\/index.php\/2023\/02\/07\/liveblog-erdbeben-in-der-tuerkei-syrien\/#primaryimage"},"image":{"@id":"https:\/\/www.radio-geretsried.de\/index.php\/2023\/02\/07\/liveblog-erdbeben-in-der-tuerkei-syrien\/#primaryimage"},"thumbnailUrl":"https:\/\/www.radio-geretsried.de\/wp-content\/uploads\/2023\/02\/erdbebenliveblog.jpg","datePublished":"2023-02-07T11:31:07+00:00","dateModified":"2023-02-09T17:30:03+00:00","breadcrumb":{"@id":"https:\/\/www.radio-geretsried.de\/index.php\/2023\/02\/07\/liveblog-erdbeben-in-der-tuerkei-syrien\/#breadcrumb"},"inLanguage":"de","potentialAction":[{"@type":"ReadAction","target":["https:\/\/www.radio-geretsried.de\/index.php\/2023\/02\/07\/liveblog-erdbeben-in-der-tuerkei-syrien\/"]}]},{"@type":"ImageObject","inLanguage":"de","@id":"https:\/\/www.radio-geretsried.de\/index.php\/2023\/02\/07\/liveblog-erdbeben-in-der-tuerkei-syrien\/#primaryimage","url":"https:\/\/www.radio-geretsried.de\/wp-content\/uploads\/2023\/02\/erdbebenliveblog.jpg","contentUrl":"https:\/\/www.radio-geretsried.de\/wp-content\/uploads\/2023\/02\/erdbebenliveblog.jpg","width":1024,"height":460},{"@type":"BreadcrumbList","@id":"https:\/\/www.radio-geretsried.de\/index.php\/2023\/02\/07\/liveblog-erdbeben-in-der-tuerkei-syrien\/#breadcrumb","itemListElement":[{"@type":"ListItem","position":1,"name":"Startseite","item":"https:\/\/www.radio-geretsried.de\/"},{"@type":"ListItem","position":2,"name":"LIVEBLOG: Erdbeben in der T\u00fcrkei &#038; Syrien"}]},{"@type":"WebSite","@id":"https:\/\/www.radio-geretsried.de\/#website","url":"https:\/\/www.radio-geretsried.de\/","name":"RADIO GERETSRIED","description":"So klingt die Stadt","publisher":{"@id":"https:\/\/www.radio-geretsried.de\/#organization"},"potentialAction":[{"@type":"SearchAction","target":{"@type":"EntryPoint","urlTemplate":"https:\/\/www.radio-geretsried.de\/?s={search_term_string}"},"query-input":{"@type":"PropertyValueSpecification","valueRequired":true,"valueName":"search_term_string"}}],"inLanguage":"de"},{"@type":"Organization","@id":"https:\/\/www.radio-geretsried.de\/#organization","name":"RADIO GERETSRIED","url":"https:\/\/www.radio-geretsried.de\/","logo":{"@type":"ImageObject","inLanguage":"de","@id":"https:\/\/www.radio-geretsried.de\/#\/schema\/logo\/image\/","url":"https:\/\/www.radio-geretsried.de\/wp-content\/uploads\/2022\/07\/Radio-Geretsried-Logo-Farbig-e1656961244490.png","contentUrl":"https:\/\/www.radio-geretsried.de\/wp-content\/uploads\/2022\/07\/Radio-Geretsried-Logo-Farbig-e1656961244490.png","width":4000,"height":1780,"caption":"RADIO GERETSRIED"},"image":{"@id":"https:\/\/www.radio-geretsried.de\/#\/schema\/logo\/image\/"},"sameAs":["https:\/\/www.facebook.com\/stadtsender","https:\/\/www.instagram.com\/radiogeretsried\/"]},{"@type":"Person","@id":"https:\/\/www.radio-geretsried.de\/#\/schema\/person\/cbf7badca30480678705d248eacef014","name":"Patrick Hofmann","image":{"@type":"ImageObject","inLanguage":"de","@id":"https:\/\/secure.gravatar.com\/avatar\/6194986f15562cbc57fa5ea59828e6c5db464fba58cd40fa6d5f1117576868b6?s=96&d=mm&r=g","url":"https:\/\/secure.gravatar.com\/avatar\/6194986f15562cbc57fa5ea59828e6c5db464fba58cd40fa6d5f1117576868b6?s=96&d=mm&r=g","contentUrl":"https:\/\/secure.gravatar.com\/avatar\/6194986f15562cbc57fa5ea59828e6c5db464fba58cd40fa6d5f1117576868b6?s=96&d=mm&r=g","caption":"Patrick Hofmann"},"url":"https:\/\/www.radio-geretsried.de\/index.php\/author\/patrick-hofmann\/"}]}},"_links":{"self":[{"href":"https:\/\/www.radio-geretsried.de\/index.php\/wp-json\/wp\/v2\/posts\/8032","targetHints":{"allow":["GET"]}}],"collection":[{"href":"https:\/\/www.radio-geretsried.de\/index.php\/wp-json\/wp\/v2\/posts"}],"about":[{"href":"https:\/\/www.radio-geretsried.de\/index.php\/wp-json\/wp\/v2\/types\/post"}],"author":[{"embeddable":true,"href":"https:\/\/www.radio-geretsried.de\/index.php\/wp-json\/wp\/v2\/users\/9"}],"replies":[{"embeddable":true,"href":"https:\/\/www.radio-geretsried.de\/index.php\/wp-json\/wp\/v2\/comments?post=8032"}],"version-history":[{"count":2,"href":"https:\/\/www.radio-geretsried.de\/index.php\/wp-json\/wp\/v2\/posts\/8032\/revisions"}],"predecessor-version":[{"id":8082,"href":"https:\/\/www.radio-geretsried.de\/index.php\/wp-json\/wp\/v2\/posts\/8032\/revisions\/8082"}],"wp:featuredmedia":[{"embeddable":true,"href":"https:\/\/www.radio-geretsried.de\/index.php\/wp-json\/wp\/v2\/media\/8035"}],"wp:attachment":[{"href":"https:\/\/www.radio-geretsried.de\/index.php\/wp-json\/wp\/v2\/media?parent=8032"}],"wp:term":[{"taxonomy":"category","embeddable":true,"href":"https:\/\/www.radio-geretsried.de\/index.php\/wp-json\/wp\/v2\/categories?post=8032"},{"taxonomy":"post_tag","embeddable":true,"href":"https:\/\/www.radio-geretsried.de\/index.php\/wp-json\/wp\/v2\/tags?post=8032"}],"curies":[{"name":"wp","href":"https:\/\/api.w.org\/{rel}","templated":true}]}}