{"id":7685,"date":"2022-07-19T15:46:01","date_gmt":"2022-07-19T13:46:01","guid":{"rendered":"https:\/\/www.radio-geretsried.de\/?p=7685"},"modified":"2022-07-19T15:51:33","modified_gmt":"2022-07-19T13:51:33","slug":"landkreis-mit-der-x970-auf-den-spuren-von-monarchie-und-brauchtum","status":"publish","type":"post","link":"https:\/\/www.radio-geretsried.de\/index.php\/2022\/07\/19\/landkreis-mit-der-x970-auf-den-spuren-von-monarchie-und-brauchtum\/","title":{"rendered":"Landkreis: B\u00fcrgermeister mit der X970 quer durch die Region"},"content":{"rendered":"<p class=\"v1MsoNormal\"><b>Landkreis Starnberg\/Bad T\u00f6lz-Wolfratshausen. Eine effiziente Verbindung, die durch den Landkreis Starnberg und Bad T\u00f6lz-Wolfratshausen f\u00fchrt: Am 15. Juni wurden entlang der ExpressBus-Linie X970 unter dem Motto \u201eAuf den Spuren von Monarchie und Brauchtum\u201c verschiedene Stopps eingelegt, die die Attraktivit\u00e4t der Tangentialverbindung sowohl f\u00fcr Touristen als auch Pendler offenlegt. Teilnehmende der Tour waren neben Landrat Stefan Frey und Landrat Bad T\u00f6lz-Wolfratshausen Josef Niedermaier die B\u00fcrgermeister Rupert Steigenberger (Berg), Klaus Heilinglechner (Wolfratshausen), Michael M\u00fcller (Geretsried), Dr. Ingo Mehner (Bad T\u00f6lz) und Michael Lindmaier (Zweiter B\u00fcrgermeister Bad T\u00f6lz) sowie Vertreter*innen der Landrats\u00e4mter Starnberg und Bad T\u00f6lz-Wolfratshausen, der gwt Starnberg, des T\u00f6lzer Land-Tourismus und des Busunternehmens Geldhauser.<\/b><\/p>\n<p class=\"v1MsoNormal\">Entsprechend des Mottos wurde die X970-Tour mit einer Verkostung von \u201eSisi\u2019s Veilcheneis\u201c am Kirchplatz Starnberg eingel\u00e4utet und hierbei der Audiospaziergang \u201eK\u00f6nig Ludwig II. \u2013 sagenumwobenes Leben und geheimnisvoller Tod am Starnberger See\u201c von der Regionalagentur gwt Starnberg vorgestellt und gestartet. Dieser f\u00fchrt \u00fcber den S-Bahnhof Starnberg See, an dem auch die X970 verkehrt, mit der Starnberger Seenschifffahrt nach Berg zur Votivkapelle mit der Gedenkst\u00e4tte an K\u00f6nig Ludwig II. und endet in Leoni. Nach einem gemeinsamen \u201eK\u00f6nig Ludwig\u201c-Picknick an der Votivkapelle \u2013 Station 6 des Audiospaziergangs \u2013 ging es f\u00fcr alle Teilnehmenden zur 15 Minuten entfernten Bushaltestelle Berg, Grafstra\u00dfe und mit der X970 in den Landkreis Bad T\u00f6lz-Wolfratshausen.<\/p>\n<p class=\"v1MsoNormal\">Die Stationen Wolfratshausen, Geretsried und Bad T\u00f6lz standen ganz im Zeichen der Fl\u00f6\u00dfer und der jeweiligen Stadtgeschichte in diesem Zusammenhang. Von der Haltestelle des ExpresBusses am Bahnhof in Wolfratshausen ist es nur ein kurzer Weg ins Stadtarchiv mit spannenden Einblicken in die Geschichte der Fl\u00f6\u00dferei in der ehemaligen Kreisstadt. Weiter ging es zum Rathaus Geretsried. Dort schlug die gr\u00f6\u00dfte Stadt im Landkreis Bad T\u00f6lz-Wolfratshausen als zugleich j\u00fcngste Stadt im Landkreis den Bogen von den Fl\u00f6\u00dfern zur Jugend von heute und pr\u00e4sentierte just zum Termin mit den Landr\u00e4ten und B\u00fcrgermeistern mit der \u201eYoung Friday Future Night\u201c ein Stadtfest f\u00fcr die Jugend mitten in der Stadt. Von der Gr\u00fcnerbrauerei in Bad T\u00f6lz, der letzten Haltestelle der Tour an diesem Tag, f\u00fchrte die Reise wieder zur\u00fcck in die Geschichte zu den pr\u00e4genden Einfl\u00fcssen auf die Stadt. Neben der Fl\u00f6\u00dferei stand im Stadtmuseum das Brauereiwesen im Vordergrund und was w\u00e4re passender gewesen als ein gem\u00fctlicher Ausklang im Biergarten. Josef Niedermaier, Landrat des Landkreises Bad T\u00f6lz-Wolfratshausen, war jedenfalls einmal mehr von der Expressbuslinie und den damit einhergehenden Vorteilen \u00fcberzeugt. \u201eBusse wie der X970 bringen unsere Region zusammen und zwar ganzheitlich. Pendler fahren z\u00fcgig von A nach B und auch in der Freizeit kann man sein Auto in Zeiten von teuren Spritkosten, knappen Parkpl\u00e4tzen und Parkgeb\u00fchren stehen lassen und tolle Dinge erleben.\u201c<\/p>\n<p class=\"v1MsoNormal\"><b>Eckdaten zur X970<\/b><\/p>\n<p class=\"v1MsoNormal\">Die seit dem 12. Dezember 2021 bestehende ExpressBus-Linie X970 ist eine von sieben neuen Erg\u00e4nzungen des ExpressBus-Rings rund um M\u00fcnchen herum, welcher im Rahmen des Programms \u201eLandesbedeutsame Buslinien\u201c vom Freistaat Bayern gef\u00f6rdert wird. Um eine attraktive \u00f6ffentliche Mobilit\u00e4tsm\u00f6glichkeit zu bieten, verkehrt die X970 an insgesamt zw\u00f6lf Stationen werktags im 20-Minuten-Takt, sonn- und feiertags im 60-Minuten-Takt. Dabei wird eine umstiegsfreie und schnelle Busverbindung zwischen der S-Bahnhaltestelle der S6 in Starnberg, der S-Bahnhaltestelle der S7 in Wolf-ratshausen und der Bayerischen Regionalbahn in Bad T\u00f6lz erm\u00f6glicht. Zu-gleich wird innerhalb des Landkreises Bad T\u00f6lz-Wolfratshausen die Verbindung der St\u00e4dte Wolfratshausen, Geretsried und Bad T\u00f6lz gest\u00e4rkt und die Anbindung an das Nordostufer des Starnberger Sees aufgewertet. Im Landkreis Starnberg wird mit der neuen Linienf\u00fchrung das Oberland direkt angebunden. Insgesamt werden also nicht nur bestehende Linien aufgewertet, sondern neue Verbindungen geschaffen, die wesentliche Knotenpunkte aus Tourismus und Gewerbe verkn\u00fcpfen und damit das Angebot im \u00f6ffentlichen Nahverkehr signifikant verbessern.<\/p>\n","protected":false},"excerpt":{"rendered":"<p>Landkreis Starnberg\/Bad T\u00f6lz-Wolfratshausen. Eine effiziente Verbindung, die durch den Landkreis Starnberg und Bad T\u00f6lz-Wolfratshausen f\u00fchrt: Am 15. Juni wurden entlang der ExpressBus-Linie X970 unter dem Motto \u201eAuf den Spuren von Monarchie und Brauchtum\u201c verschiedene Stopps eingelegt, die die Attraktivit\u00e4t der Tangentialverbindung sowohl f\u00fcr Touristen als auch Pendler offenlegt. Teilnehmende der ...<\/p>\n","protected":false},"author":2,"featured_media":7686,"comment_status":"open","ping_status":"open","sticky":false,"template":"","format":"standard","meta":{"_themeisle_gutenberg_block_has_review":false,"footnotes":""},"categories":[59],"tags":[],"class_list":["post-7685","post","type-post","status-publish","format-standard","has-post-thumbnail","hentry","category-nachrichten"],"yoast_head":"<!-- This site is optimized with the Yoast SEO plugin v27.4 - https:\/\/yoast.com\/product\/yoast-seo-wordpress\/ -->\n<title>Landkreis: B\u00fcrgermeister mit der X970 quer durch die Region - RADIO GERETSRIED<\/title>\n<meta name=\"robots\" content=\"index, follow, max-snippet:-1, max-image-preview:large, max-video-preview:-1\" \/>\n<link rel=\"canonical\" href=\"https:\/\/www.radio-geretsried.de\/index.php\/2022\/07\/19\/landkreis-mit-der-x970-auf-den-spuren-von-monarchie-und-brauchtum\/\" \/>\n<meta property=\"og:locale\" content=\"de_DE\" \/>\n<meta property=\"og:type\" content=\"article\" \/>\n<meta property=\"og:title\" content=\"Landkreis: B\u00fcrgermeister mit der X970 quer durch die Region - RADIO GERETSRIED\" \/>\n<meta property=\"og:description\" content=\"Landkreis Starnberg\/Bad T\u00f6lz-Wolfratshausen. Eine effiziente Verbindung, die durch den Landkreis Starnberg und Bad T\u00f6lz-Wolfratshausen f\u00fchrt: Am 15. Juni wurden entlang der ExpressBus-Linie X970 unter dem Motto \u201eAuf den Spuren von Monarchie und Brauchtum\u201c verschiedene Stopps eingelegt, die die Attraktivit\u00e4t der Tangentialverbindung sowohl f\u00fcr Touristen als auch Pendler offenlegt. Teilnehmende der [...]\" \/>\n<meta property=\"og:url\" content=\"https:\/\/www.radio-geretsried.de\/index.php\/2022\/07\/19\/landkreis-mit-der-x970-auf-den-spuren-von-monarchie-und-brauchtum\/\" \/>\n<meta property=\"og:site_name\" content=\"RADIO GERETSRIED\" \/>\n<meta property=\"article:publisher\" content=\"https:\/\/www.facebook.com\/stadtsender\" \/>\n<meta property=\"article:published_time\" content=\"2022-07-19T13:46:01+00:00\" \/>\n<meta property=\"article:modified_time\" content=\"2022-07-19T13:51:33+00:00\" \/>\n<meta property=\"og:image\" content=\"https:\/\/www.radio-geretsried.de\/wp-content\/uploads\/2022\/07\/Haltestelle-XBUS_c_Stadtverwaltung-Wolfratshausen_Fritz_Heilinglechner-Lindmaier-Mueller-scaled.jpg\" \/>\n\t<meta property=\"og:image:width\" content=\"2560\" \/>\n\t<meta property=\"og:image:height\" content=\"1911\" \/>\n\t<meta property=\"og:image:type\" content=\"image\/jpeg\" \/>\n<meta name=\"author\" content=\"Felix\" \/>\n<meta name=\"twitter:card\" content=\"summary_large_image\" \/>\n<meta name=\"twitter:label1\" content=\"Verfasst von\" \/>\n\t<meta name=\"twitter:data1\" content=\"Felix\" \/>\n\t<meta name=\"twitter:label2\" content=\"Gesch\u00e4tzte Lesezeit\" \/>\n\t<meta name=\"twitter:data2\" content=\"3\u00a0Minuten\" \/>\n<script type=\"application\/ld+json\" class=\"yoast-schema-graph\">{\"@context\":\"https:\\\/\\\/schema.org\",\"@graph\":[{\"@type\":\"Article\",\"@id\":\"https:\\\/\\\/www.radio-geretsried.de\\\/index.php\\\/2022\\\/07\\\/19\\\/landkreis-mit-der-x970-auf-den-spuren-von-monarchie-und-brauchtum\\\/#article\",\"isPartOf\":{\"@id\":\"https:\\\/\\\/www.radio-geretsried.de\\\/index.php\\\/2022\\\/07\\\/19\\\/landkreis-mit-der-x970-auf-den-spuren-von-monarchie-und-brauchtum\\\/\"},\"author\":{\"name\":\"Felix\",\"@id\":\"https:\\\/\\\/www.radio-geretsried.de\\\/#\\\/schema\\\/person\\\/06836174590ce00025a1da4f10a8033b\"},\"headline\":\"Landkreis: B\u00fcrgermeister mit der X970 quer durch die Region\",\"datePublished\":\"2022-07-19T13:46:01+00:00\",\"dateModified\":\"2022-07-19T13:51:33+00:00\",\"mainEntityOfPage\":{\"@id\":\"https:\\\/\\\/www.radio-geretsried.de\\\/index.php\\\/2022\\\/07\\\/19\\\/landkreis-mit-der-x970-auf-den-spuren-von-monarchie-und-brauchtum\\\/\"},\"wordCount\":648,\"commentCount\":0,\"publisher\":{\"@id\":\"https:\\\/\\\/www.radio-geretsried.de\\\/#organization\"},\"image\":{\"@id\":\"https:\\\/\\\/www.radio-geretsried.de\\\/index.php\\\/2022\\\/07\\\/19\\\/landkreis-mit-der-x970-auf-den-spuren-von-monarchie-und-brauchtum\\\/#primaryimage\"},\"thumbnailUrl\":\"https:\\\/\\\/www.radio-geretsried.de\\\/wp-content\\\/uploads\\\/2022\\\/07\\\/Haltestelle-XBUS_c_Stadtverwaltung-Wolfratshausen_Fritz_Heilinglechner-Lindmaier-Mueller-scaled.jpg\",\"articleSection\":[\"Nachrichten\"],\"inLanguage\":\"de\",\"potentialAction\":[{\"@type\":\"CommentAction\",\"name\":\"Comment\",\"target\":[\"https:\\\/\\\/www.radio-geretsried.de\\\/index.php\\\/2022\\\/07\\\/19\\\/landkreis-mit-der-x970-auf-den-spuren-von-monarchie-und-brauchtum\\\/#respond\"]}]},{\"@type\":\"WebPage\",\"@id\":\"https:\\\/\\\/www.radio-geretsried.de\\\/index.php\\\/2022\\\/07\\\/19\\\/landkreis-mit-der-x970-auf-den-spuren-von-monarchie-und-brauchtum\\\/\",\"url\":\"https:\\\/\\\/www.radio-geretsried.de\\\/index.php\\\/2022\\\/07\\\/19\\\/landkreis-mit-der-x970-auf-den-spuren-von-monarchie-und-brauchtum\\\/\",\"name\":\"Landkreis: B\u00fcrgermeister mit der X970 quer durch die Region - RADIO GERETSRIED\",\"isPartOf\":{\"@id\":\"https:\\\/\\\/www.radio-geretsried.de\\\/#website\"},\"primaryImageOfPage\":{\"@id\":\"https:\\\/\\\/www.radio-geretsried.de\\\/index.php\\\/2022\\\/07\\\/19\\\/landkreis-mit-der-x970-auf-den-spuren-von-monarchie-und-brauchtum\\\/#primaryimage\"},\"image\":{\"@id\":\"https:\\\/\\\/www.radio-geretsried.de\\\/index.php\\\/2022\\\/07\\\/19\\\/landkreis-mit-der-x970-auf-den-spuren-von-monarchie-und-brauchtum\\\/#primaryimage\"},\"thumbnailUrl\":\"https:\\\/\\\/www.radio-geretsried.de\\\/wp-content\\\/uploads\\\/2022\\\/07\\\/Haltestelle-XBUS_c_Stadtverwaltung-Wolfratshausen_Fritz_Heilinglechner-Lindmaier-Mueller-scaled.jpg\",\"datePublished\":\"2022-07-19T13:46:01+00:00\",\"dateModified\":\"2022-07-19T13:51:33+00:00\",\"breadcrumb\":{\"@id\":\"https:\\\/\\\/www.radio-geretsried.de\\\/index.php\\\/2022\\\/07\\\/19\\\/landkreis-mit-der-x970-auf-den-spuren-von-monarchie-und-brauchtum\\\/#breadcrumb\"},\"inLanguage\":\"de\",\"potentialAction\":[{\"@type\":\"ReadAction\",\"target\":[\"https:\\\/\\\/www.radio-geretsried.de\\\/index.php\\\/2022\\\/07\\\/19\\\/landkreis-mit-der-x970-auf-den-spuren-von-monarchie-und-brauchtum\\\/\"]}]},{\"@type\":\"ImageObject\",\"inLanguage\":\"de\",\"@id\":\"https:\\\/\\\/www.radio-geretsried.de\\\/index.php\\\/2022\\\/07\\\/19\\\/landkreis-mit-der-x970-auf-den-spuren-von-monarchie-und-brauchtum\\\/#primaryimage\",\"url\":\"https:\\\/\\\/www.radio-geretsried.de\\\/wp-content\\\/uploads\\\/2022\\\/07\\\/Haltestelle-XBUS_c_Stadtverwaltung-Wolfratshausen_Fritz_Heilinglechner-Lindmaier-Mueller-scaled.jpg\",\"contentUrl\":\"https:\\\/\\\/www.radio-geretsried.de\\\/wp-content\\\/uploads\\\/2022\\\/07\\\/Haltestelle-XBUS_c_Stadtverwaltung-Wolfratshausen_Fritz_Heilinglechner-Lindmaier-Mueller-scaled.jpg\",\"width\":2560,\"height\":1911},{\"@type\":\"BreadcrumbList\",\"@id\":\"https:\\\/\\\/www.radio-geretsried.de\\\/index.php\\\/2022\\\/07\\\/19\\\/landkreis-mit-der-x970-auf-den-spuren-von-monarchie-und-brauchtum\\\/#breadcrumb\",\"itemListElement\":[{\"@type\":\"ListItem\",\"position\":1,\"name\":\"Startseite\",\"item\":\"https:\\\/\\\/www.radio-geretsried.de\\\/\"},{\"@type\":\"ListItem\",\"position\":2,\"name\":\"Landkreis: B\u00fcrgermeister mit der X970 quer durch die Region\"}]},{\"@type\":\"WebSite\",\"@id\":\"https:\\\/\\\/www.radio-geretsried.de\\\/#website\",\"url\":\"https:\\\/\\\/www.radio-geretsried.de\\\/\",\"name\":\"RADIO GERETSRIED\",\"description\":\"So klingt die Stadt\",\"publisher\":{\"@id\":\"https:\\\/\\\/www.radio-geretsried.de\\\/#organization\"},\"potentialAction\":[{\"@type\":\"SearchAction\",\"target\":{\"@type\":\"EntryPoint\",\"urlTemplate\":\"https:\\\/\\\/www.radio-geretsried.de\\\/?s={search_term_string}\"},\"query-input\":{\"@type\":\"PropertyValueSpecification\",\"valueRequired\":true,\"valueName\":\"search_term_string\"}}],\"inLanguage\":\"de\"},{\"@type\":\"Organization\",\"@id\":\"https:\\\/\\\/www.radio-geretsried.de\\\/#organization\",\"name\":\"RADIO GERETSRIED\",\"url\":\"https:\\\/\\\/www.radio-geretsried.de\\\/\",\"logo\":{\"@type\":\"ImageObject\",\"inLanguage\":\"de\",\"@id\":\"https:\\\/\\\/www.radio-geretsried.de\\\/#\\\/schema\\\/logo\\\/image\\\/\",\"url\":\"https:\\\/\\\/www.radio-geretsried.de\\\/wp-content\\\/uploads\\\/2022\\\/07\\\/Radio-Geretsried-Logo-Farbig-e1656961244490.png\",\"contentUrl\":\"https:\\\/\\\/www.radio-geretsried.de\\\/wp-content\\\/uploads\\\/2022\\\/07\\\/Radio-Geretsried-Logo-Farbig-e1656961244490.png\",\"width\":4000,\"height\":1780,\"caption\":\"RADIO GERETSRIED\"},\"image\":{\"@id\":\"https:\\\/\\\/www.radio-geretsried.de\\\/#\\\/schema\\\/logo\\\/image\\\/\"},\"sameAs\":[\"https:\\\/\\\/www.facebook.com\\\/stadtsender\",\"https:\\\/\\\/www.instagram.com\\\/radiogeretsried\\\/\"]},{\"@type\":\"Person\",\"@id\":\"https:\\\/\\\/www.radio-geretsried.de\\\/#\\\/schema\\\/person\\\/06836174590ce00025a1da4f10a8033b\",\"name\":\"Felix\",\"image\":{\"@type\":\"ImageObject\",\"inLanguage\":\"de\",\"@id\":\"https:\\\/\\\/secure.gravatar.com\\\/avatar\\\/df1a1aa5e9ceb8e147f1da545064475ef0d4c1e0b6c59f8d23f830d68cf00f4c?s=96&d=mm&r=g\",\"url\":\"https:\\\/\\\/secure.gravatar.com\\\/avatar\\\/df1a1aa5e9ceb8e147f1da545064475ef0d4c1e0b6c59f8d23f830d68cf00f4c?s=96&d=mm&r=g\",\"contentUrl\":\"https:\\\/\\\/secure.gravatar.com\\\/avatar\\\/df1a1aa5e9ceb8e147f1da545064475ef0d4c1e0b6c59f8d23f830d68cf00f4c?s=96&d=mm&r=g\",\"caption\":\"Felix\"},\"url\":\"https:\\\/\\\/www.radio-geretsried.de\\\/index.php\\\/author\\\/felix-leipold\\\/\"}]}<\/script>\n<!-- \/ Yoast SEO plugin. -->","yoast_head_json":{"title":"Landkreis: B\u00fcrgermeister mit der X970 quer durch die Region - RADIO GERETSRIED","robots":{"index":"index","follow":"follow","max-snippet":"max-snippet:-1","max-image-preview":"max-image-preview:large","max-video-preview":"max-video-preview:-1"},"canonical":"https:\/\/www.radio-geretsried.de\/index.php\/2022\/07\/19\/landkreis-mit-der-x970-auf-den-spuren-von-monarchie-und-brauchtum\/","og_locale":"de_DE","og_type":"article","og_title":"Landkreis: B\u00fcrgermeister mit der X970 quer durch die Region - RADIO GERETSRIED","og_description":"Landkreis Starnberg\/Bad T\u00f6lz-Wolfratshausen. Eine effiziente Verbindung, die durch den Landkreis Starnberg und Bad T\u00f6lz-Wolfratshausen f\u00fchrt: Am 15. Juni wurden entlang der ExpressBus-Linie X970 unter dem Motto \u201eAuf den Spuren von Monarchie und Brauchtum\u201c verschiedene Stopps eingelegt, die die Attraktivit\u00e4t der Tangentialverbindung sowohl f\u00fcr Touristen als auch Pendler offenlegt. Teilnehmende der [...]","og_url":"https:\/\/www.radio-geretsried.de\/index.php\/2022\/07\/19\/landkreis-mit-der-x970-auf-den-spuren-von-monarchie-und-brauchtum\/","og_site_name":"RADIO GERETSRIED","article_publisher":"https:\/\/www.facebook.com\/stadtsender","article_published_time":"2022-07-19T13:46:01+00:00","article_modified_time":"2022-07-19T13:51:33+00:00","og_image":[{"width":2560,"height":1911,"url":"https:\/\/www.radio-geretsried.de\/wp-content\/uploads\/2022\/07\/Haltestelle-XBUS_c_Stadtverwaltung-Wolfratshausen_Fritz_Heilinglechner-Lindmaier-Mueller-scaled.jpg","type":"image\/jpeg"}],"author":"Felix","twitter_card":"summary_large_image","twitter_misc":{"Verfasst von":"Felix","Gesch\u00e4tzte Lesezeit":"3\u00a0Minuten"},"schema":{"@context":"https:\/\/schema.org","@graph":[{"@type":"Article","@id":"https:\/\/www.radio-geretsried.de\/index.php\/2022\/07\/19\/landkreis-mit-der-x970-auf-den-spuren-von-monarchie-und-brauchtum\/#article","isPartOf":{"@id":"https:\/\/www.radio-geretsried.de\/index.php\/2022\/07\/19\/landkreis-mit-der-x970-auf-den-spuren-von-monarchie-und-brauchtum\/"},"author":{"name":"Felix","@id":"https:\/\/www.radio-geretsried.de\/#\/schema\/person\/06836174590ce00025a1da4f10a8033b"},"headline":"Landkreis: B\u00fcrgermeister mit der X970 quer durch die Region","datePublished":"2022-07-19T13:46:01+00:00","dateModified":"2022-07-19T13:51:33+00:00","mainEntityOfPage":{"@id":"https:\/\/www.radio-geretsried.de\/index.php\/2022\/07\/19\/landkreis-mit-der-x970-auf-den-spuren-von-monarchie-und-brauchtum\/"},"wordCount":648,"commentCount":0,"publisher":{"@id":"https:\/\/www.radio-geretsried.de\/#organization"},"image":{"@id":"https:\/\/www.radio-geretsried.de\/index.php\/2022\/07\/19\/landkreis-mit-der-x970-auf-den-spuren-von-monarchie-und-brauchtum\/#primaryimage"},"thumbnailUrl":"https:\/\/www.radio-geretsried.de\/wp-content\/uploads\/2022\/07\/Haltestelle-XBUS_c_Stadtverwaltung-Wolfratshausen_Fritz_Heilinglechner-Lindmaier-Mueller-scaled.jpg","articleSection":["Nachrichten"],"inLanguage":"de","potentialAction":[{"@type":"CommentAction","name":"Comment","target":["https:\/\/www.radio-geretsried.de\/index.php\/2022\/07\/19\/landkreis-mit-der-x970-auf-den-spuren-von-monarchie-und-brauchtum\/#respond"]}]},{"@type":"WebPage","@id":"https:\/\/www.radio-geretsried.de\/index.php\/2022\/07\/19\/landkreis-mit-der-x970-auf-den-spuren-von-monarchie-und-brauchtum\/","url":"https:\/\/www.radio-geretsried.de\/index.php\/2022\/07\/19\/landkreis-mit-der-x970-auf-den-spuren-von-monarchie-und-brauchtum\/","name":"Landkreis: B\u00fcrgermeister mit der X970 quer durch die Region - RADIO GERETSRIED","isPartOf":{"@id":"https:\/\/www.radio-geretsried.de\/#website"},"primaryImageOfPage":{"@id":"https:\/\/www.radio-geretsried.de\/index.php\/2022\/07\/19\/landkreis-mit-der-x970-auf-den-spuren-von-monarchie-und-brauchtum\/#primaryimage"},"image":{"@id":"https:\/\/www.radio-geretsried.de\/index.php\/2022\/07\/19\/landkreis-mit-der-x970-auf-den-spuren-von-monarchie-und-brauchtum\/#primaryimage"},"thumbnailUrl":"https:\/\/www.radio-geretsried.de\/wp-content\/uploads\/2022\/07\/Haltestelle-XBUS_c_Stadtverwaltung-Wolfratshausen_Fritz_Heilinglechner-Lindmaier-Mueller-scaled.jpg","datePublished":"2022-07-19T13:46:01+00:00","dateModified":"2022-07-19T13:51:33+00:00","breadcrumb":{"@id":"https:\/\/www.radio-geretsried.de\/index.php\/2022\/07\/19\/landkreis-mit-der-x970-auf-den-spuren-von-monarchie-und-brauchtum\/#breadcrumb"},"inLanguage":"de","potentialAction":[{"@type":"ReadAction","target":["https:\/\/www.radio-geretsried.de\/index.php\/2022\/07\/19\/landkreis-mit-der-x970-auf-den-spuren-von-monarchie-und-brauchtum\/"]}]},{"@type":"ImageObject","inLanguage":"de","@id":"https:\/\/www.radio-geretsried.de\/index.php\/2022\/07\/19\/landkreis-mit-der-x970-auf-den-spuren-von-monarchie-und-brauchtum\/#primaryimage","url":"https:\/\/www.radio-geretsried.de\/wp-content\/uploads\/2022\/07\/Haltestelle-XBUS_c_Stadtverwaltung-Wolfratshausen_Fritz_Heilinglechner-Lindmaier-Mueller-scaled.jpg","contentUrl":"https:\/\/www.radio-geretsried.de\/wp-content\/uploads\/2022\/07\/Haltestelle-XBUS_c_Stadtverwaltung-Wolfratshausen_Fritz_Heilinglechner-Lindmaier-Mueller-scaled.jpg","width":2560,"height":1911},{"@type":"BreadcrumbList","@id":"https:\/\/www.radio-geretsried.de\/index.php\/2022\/07\/19\/landkreis-mit-der-x970-auf-den-spuren-von-monarchie-und-brauchtum\/#breadcrumb","itemListElement":[{"@type":"ListItem","position":1,"name":"Startseite","item":"https:\/\/www.radio-geretsried.de\/"},{"@type":"ListItem","position":2,"name":"Landkreis: B\u00fcrgermeister mit der X970 quer durch die Region"}]},{"@type":"WebSite","@id":"https:\/\/www.radio-geretsried.de\/#website","url":"https:\/\/www.radio-geretsried.de\/","name":"RADIO GERETSRIED","description":"So klingt die Stadt","publisher":{"@id":"https:\/\/www.radio-geretsried.de\/#organization"},"potentialAction":[{"@type":"SearchAction","target":{"@type":"EntryPoint","urlTemplate":"https:\/\/www.radio-geretsried.de\/?s={search_term_string}"},"query-input":{"@type":"PropertyValueSpecification","valueRequired":true,"valueName":"search_term_string"}}],"inLanguage":"de"},{"@type":"Organization","@id":"https:\/\/www.radio-geretsried.de\/#organization","name":"RADIO GERETSRIED","url":"https:\/\/www.radio-geretsried.de\/","logo":{"@type":"ImageObject","inLanguage":"de","@id":"https:\/\/www.radio-geretsried.de\/#\/schema\/logo\/image\/","url":"https:\/\/www.radio-geretsried.de\/wp-content\/uploads\/2022\/07\/Radio-Geretsried-Logo-Farbig-e1656961244490.png","contentUrl":"https:\/\/www.radio-geretsried.de\/wp-content\/uploads\/2022\/07\/Radio-Geretsried-Logo-Farbig-e1656961244490.png","width":4000,"height":1780,"caption":"RADIO GERETSRIED"},"image":{"@id":"https:\/\/www.radio-geretsried.de\/#\/schema\/logo\/image\/"},"sameAs":["https:\/\/www.facebook.com\/stadtsender","https:\/\/www.instagram.com\/radiogeretsried\/"]},{"@type":"Person","@id":"https:\/\/www.radio-geretsried.de\/#\/schema\/person\/06836174590ce00025a1da4f10a8033b","name":"Felix","image":{"@type":"ImageObject","inLanguage":"de","@id":"https:\/\/secure.gravatar.com\/avatar\/df1a1aa5e9ceb8e147f1da545064475ef0d4c1e0b6c59f8d23f830d68cf00f4c?s=96&d=mm&r=g","url":"https:\/\/secure.gravatar.com\/avatar\/df1a1aa5e9ceb8e147f1da545064475ef0d4c1e0b6c59f8d23f830d68cf00f4c?s=96&d=mm&r=g","contentUrl":"https:\/\/secure.gravatar.com\/avatar\/df1a1aa5e9ceb8e147f1da545064475ef0d4c1e0b6c59f8d23f830d68cf00f4c?s=96&d=mm&r=g","caption":"Felix"},"url":"https:\/\/www.radio-geretsried.de\/index.php\/author\/felix-leipold\/"}]}},"_links":{"self":[{"href":"https:\/\/www.radio-geretsried.de\/index.php\/wp-json\/wp\/v2\/posts\/7685","targetHints":{"allow":["GET"]}}],"collection":[{"href":"https:\/\/www.radio-geretsried.de\/index.php\/wp-json\/wp\/v2\/posts"}],"about":[{"href":"https:\/\/www.radio-geretsried.de\/index.php\/wp-json\/wp\/v2\/types\/post"}],"author":[{"embeddable":true,"href":"https:\/\/www.radio-geretsried.de\/index.php\/wp-json\/wp\/v2\/users\/2"}],"replies":[{"embeddable":true,"href":"https:\/\/www.radio-geretsried.de\/index.php\/wp-json\/wp\/v2\/comments?post=7685"}],"version-history":[{"count":3,"href":"https:\/\/www.radio-geretsried.de\/index.php\/wp-json\/wp\/v2\/posts\/7685\/revisions"}],"predecessor-version":[{"id":7692,"href":"https:\/\/www.radio-geretsried.de\/index.php\/wp-json\/wp\/v2\/posts\/7685\/revisions\/7692"}],"wp:featuredmedia":[{"embeddable":true,"href":"https:\/\/www.radio-geretsried.de\/index.php\/wp-json\/wp\/v2\/media\/7686"}],"wp:attachment":[{"href":"https:\/\/www.radio-geretsried.de\/index.php\/wp-json\/wp\/v2\/media?parent=7685"}],"wp:term":[{"taxonomy":"category","embeddable":true,"href":"https:\/\/www.radio-geretsried.de\/index.php\/wp-json\/wp\/v2\/categories?post=7685"},{"taxonomy":"post_tag","embeddable":true,"href":"https:\/\/www.radio-geretsried.de\/index.php\/wp-json\/wp\/v2\/tags?post=7685"}],"curies":[{"name":"wp","href":"https:\/\/api.w.org\/{rel}","templated":true}]}}